{"id":34890,"date":"2022-12-28T13:42:58","date_gmt":"2022-12-28T19:42:58","guid":{"rendered":"https:\/\/encuentroinformativo.com.mx\/?p=34890"},"modified":"2022-12-28T13:43:01","modified_gmt":"2022-12-28T19:43:01","slug":"vivimos-un-infierno-familiares-de-fatima-claman-por-ayuda","status":"publish","type":"post","link":"https:\/\/encuentroinformativo.com.mx\/?p=34890","title":{"rendered":"\u201cVivimos un infierno\u201d; familiares de F\u00e1tima claman por ayuda"},"content":{"rendered":"\n<p><strong>Dar\u00edo Pale<\/strong><\/p>\n\n\n\n<p>Xalapa, Ver.- Familiares de Fatima Cristal Gonz\u00e1les dieron a conocer que, &#8220;estamos viviendo un infierno, por favor devu\u00e9lvanos a F\u00e1tima&#8221;, por lo que lamentaron la lentitud de la Fiscal\u00eda General del Estado (FGE) y la falta de apoyo, por lo que hicieron un llamado a la sociedad para que se toque el coraz\u00f3n y aporten cuelquier dato que ayude a su localizaci\u00f3n.<\/p>\n\n\n\n<p>En conferencia de prensa se\u00f1alaron que ya son m\u00e1s de 15 d\u00edas desde la desaparici\u00f3n de la menor F\u00e1tima Cristal Gonz\u00e1lez Patlas y la familia llam\u00f3 nuevamente a la gente a tocarse el coraz\u00f3n para que ayude en su localizaci\u00f3n porque las autoridades no est\u00e1n haciendo bien su trabajo.<\/p>\n\n\n\n<p>Su t\u00eda la se\u00f1ora Guadalupe Romero Gonz\u00e1lez, afirm\u00f3 que la Comisi\u00f3n Estatal de B\u00fasqueda los apoy\u00f3 durante la primer semana, pero ahorita &#8220;quien tiene que echarle ganas es la Fiscal\u00eda&#8221;.<\/p>\n\n\n\n<p>Recalc\u00f3 que el temor de la familia es que F\u00e1tima haya sido trasladada a otra entidad v\u00edctima de una red nacional de trata de personas.<\/p>\n\n\n\n<p>Lament\u00f3 que la sociedad siga haciendo prejuicios, que sigan diciendo que se escap\u00f3 con el novio y expres\u00f3 que ojal\u00e1 y hubiera sido eso, pero que se comunicara con su familia para decir que est\u00e1 bien.<\/p>\n\n\n\n<p>&#8220;Realmente est\u00e1n muy lentos con su investigaci\u00f3n en campo, inteligencia, la verdad es que son muy lentos para trabajar. Uno les aport\u00f3 desde el primer d\u00eda las pocas pruebas, herramientas de d\u00f3nde se pod\u00eda iniciar una investigaci\u00f3n y no nos hicieron caso&#8221;, se\u00f1al\u00f3.<\/p>\n\n\n\n<p>Expuso que el fiscal Luis Roberto Guerrero Maciel todos los d\u00edas les dice que s\u00ed la est\u00e1n buscando y que han girado oficios, pero no hay &#8220;ni un s\u00f3lo avance, ni un s\u00f3lo indicio&#8221;.<br>Guadalupe Romero Gonz\u00e1lez enfatiz\u00f3 que si acuden ante los medios de comunicaci\u00f3n es porque quieren que la gente los ayude, que denuncien al 911 cualquier detalle que sepan.<\/p>\n\n\n\n<p>Luego de que este martes intentaran acercarse al Gobernador, dijo que no se los permitieron y este d\u00eda entregaron oficios para solicitar su apoyo, que atiendan su reclamo.<\/p>\n\n\n\n<p>&#8220;Que atiendan esta zona porque a diario se est\u00e1n perdiendo mujeres, ni\u00f1os, ni\u00f1as, donde hay demasiados delitos que la gente no denuncia, son pueblos, localidades, la gente tiene miedo a denunciar, prefieren pagar extorsiones, porque dicen que las autoridades no les hacen caso&#8221;, agreg\u00f3.<\/p>\n\n\n\n<p>F\u00e1tima cumplir\u00e1 15 a\u00f1os el pr\u00f3ximo 16 de enero y la familia angustiada lament\u00f3 que en lugar de estar festejando est\u00e1s fechas decembrinas y organizando su festejo, la est\u00e1n buscando desesperadamente.<\/p>\n\n\n\n<p>&#8220;Estamos pidiendo a la gente que no tengan miedo, sabemos que no conf\u00edan en las autoridades, pero somos m\u00e1s los buenos que los malos y hay que cuidarnos entre nosotros.<\/p>\n\n\n\n<p>Lo que hayan visto, p\u00f3nganse el coraz\u00f3n en la mano y piensen: qu\u00e9 har\u00edan si fuera su hija, si fuera un miembro de su familia, no se quedar\u00edan callados&#8221;, asegur\u00f3.<\/p>\n\n\n\n<p>Por su parte, la abuela de F\u00e1tima, la se\u00f1ora Blasina Gonz\u00e1lez Ballesteros, expres\u00f3 que desde que desapareci\u00f3 no viven tranquilos y llam\u00f3 a la sociedad a ayudar para dar con su paradero.<\/p>\n\n\n\n<p>&#8220;Ojal\u00e1 si la persona que la tiene se tiente el coraz\u00f3n y nos la devuelva. Nosotros no somos gente mala, no merecemos estar pasando esto, somos pobres como para que digan que nos van a pedir una recompensa, nosotros no tenemos dinero, vivimos al d\u00eda.<\/p>\n\n\n\n<p>Nosotros no nos metemos con nadie, si mi ni\u00f1a a lo mejor se hizo de amistad de alguien que abus\u00f3 de su confianza, a veces se nos van de las manos en la escuela y a veces toman malas decisiones, pero mi ni\u00f1a es una ni\u00f1a buena, por favor les pido que nos la devuelvan&#8221;, clam\u00f3.<\/p>\n\n\n\n<p>Dijo que todos los d\u00edas no duermen bien, no comen bien, no est\u00e1n tranquilos, ante cualquier ruido salen a ver si alguien se apiad\u00f3 de ellos y la regresan a su casa.<\/p>\n\n\n\n<p>Finalmente muy triste y con l\u00e1grimas en los ojos su abuelita expres\u00f3, \u201cno estamos tranquilos, estamos viviendo un infierno, se\u00f1ores por favor quien tenga a mi ni\u00f1a, devu\u00e9lvanla por favor, porque ya no soportamos d\u00eda y noche, tenemos la esperanza de que alguien nos llame para decirnos que ya regresa. Por favor dennos un a\u00f1o nuevo de felicidad&#8221;.<\/p>\n","protected":false},"excerpt":{"rendered":"<p>Dar\u00edo Pale Xalapa, Ver.- Familiares de Fatima Cristal Gonz\u00e1les dieron a conocer que, &#8220;estamos viviendo un infierno, por favor devu\u00e9lvanos a F\u00e1tima&#8221;, por lo que lamentaron la lentitud de la Fiscal\u00eda General del Estado (FGE) y la falta de apoyo, por lo que hicieron un llamado a la sociedad para que se toque el coraz\u00f3n [&hellip;]<\/p>\n","protected":false},"author":1,"featured_media":34891,"comment_status":"open","ping_status":"open","sticky":false,"template":"","format":"standard","meta":{"_jetpack_memberships_contains_paid_content":false,"footnotes":""},"categories":[8],"tags":[],"class_list":["post-34890","post","type-post","status-publish","format-standard","has-post-thumbnail","hentry","category-region"],"jetpack_featured_media_url":"https:\/\/encuentroinformativo.com.mx\/wp-content\/uploads\/2022\/12\/B100B869-A3A6-4A95-A555-69CCC3B1920F.jpeg","jetpack_sharing_enabled":true,"jetpack_likes_enabled":true,"amp_enabled":true,"_links":{"self":[{"href":"https:\/\/encuentroinformativo.com.mx\/index.php?rest_route=\/wp\/v2\/posts\/34890","targetHints":{"allow":["GET"]}}],"collection":[{"href":"https:\/\/encuentroinformativo.com.mx\/index.php?rest_route=\/wp\/v2\/posts"}],"about":[{"href":"https:\/\/encuentroinformativo.com.mx\/index.php?rest_route=\/wp\/v2\/types\/post"}],"author":[{"embeddable":true,"href":"https:\/\/encuentroinformativo.com.mx\/index.php?rest_route=\/wp\/v2\/users\/1"}],"replies":[{"embeddable":true,"href":"https:\/\/encuentroinformativo.com.mx\/index.php?rest_route=%2Fwp%2Fv2%2Fcomments&post=34890"}],"version-history":[{"count":1,"href":"https:\/\/encuentroinformativo.com.mx\/index.php?rest_route=\/wp\/v2\/posts\/34890\/revisions"}],"predecessor-version":[{"id":34892,"href":"https:\/\/encuentroinformativo.com.mx\/index.php?rest_route=\/wp\/v2\/posts\/34890\/revisions\/34892"}],"wp:featuredmedia":[{"embeddable":true,"href":"https:\/\/encuentroinformativo.com.mx\/index.php?rest_route=\/wp\/v2\/media\/34891"}],"wp:attachment":[{"href":"https:\/\/encuentroinformativo.com.mx\/index.php?rest_route=%2Fwp%2Fv2%2Fmedia&parent=34890"}],"wp:term":[{"taxonomy":"category","embeddable":true,"href":"https:\/\/encuentroinformativo.com.mx\/index.php?rest_route=%2Fwp%2Fv2%2Fcategories&post=34890"},{"taxonomy":"post_tag","embeddable":true,"href":"https:\/\/encuentroinformativo.com.mx\/index.php?rest_route=%2Fwp%2Fv2%2Ftags&post=34890"}],"curies":[{"name":"wp","href":"https:\/\/api.w.org\/{rel}","templated":true}]}}