{"id":34899,"date":"2022-12-28T16:51:58","date_gmt":"2022-12-28T22:51:58","guid":{"rendered":"https:\/\/encuentroinformativo.com.mx\/?p=34899"},"modified":"2022-12-28T16:52:02","modified_gmt":"2022-12-28T22:52:02","slug":"se-descartan-nevadas-en-proximos-dias-conagua","status":"publish","type":"post","link":"https:\/\/encuentroinformativo.com.mx\/?p=34899","title":{"rendered":"Se descartan nevadas en pr\u00f3ximos d\u00edas: CONAGUA"},"content":{"rendered":"\n<p><strong>Juan Arcos <\/strong><\/p>\n\n\n\n<p>Xalapa, Ver.- A partir de este mi\u00e9rcoles 28 de diciembre se incrementar\u00e1n las temperaturas en el estado de Veracruz, despu\u00e9s del paso del frente fr\u00edo n\u00famero 19 que ocasion\u00f3 la primera nevada de la temporada en el Cofre de Perote.<\/p>\n\n\n\n<p>De acuerdo con la jefa del Departamento de Hidrometeorolog\u00eda de la Comisi\u00f3n Nacional del Agua (Conagua), Jessica Iveth Luna Lagunes, durante las celebraciones de fin de a\u00f1o habr\u00e1 un ambiente m\u00e1s c\u00e1lido.<\/p>\n\n\n\n<p>\u201cSe prev\u00e9 que a partir de hoy y hasta fin o inicios de a\u00f1o la temperatura se seguir\u00e1 incrementando un poco m\u00e1s\u201d, indic\u00f3 la meteor\u00f3loga.<\/p>\n\n\n\n<p>La especialista tambi\u00e9n dio a conocer que persistir\u00e1n las heladas en las zonas serranas de la entidad, sobre todo durante la madrugada.<\/p>\n\n\n\n<p>Tambi\u00e9n en la regi\u00f3n monta\u00f1osa predominar\u00e1n las nieblas durante las noches. Mientras que en zonas costeras se presentar\u00edan en el transcurso de la ma\u00f1ana.<\/p>\n\n\n\n<p>\u201cAl momento ya no se observa la llegada de alg\u00fan frente fr\u00edo, por lo menos en los pr\u00f3ximos cinco a siete d\u00edas, para la entidad veracruzana. S\u00ed habr\u00e1 en el norte de M\u00e9xico pero nada para la entidad veracruzana\u201d, a\u00f1adi\u00f3.<\/p>\n\n\n\n<p>Luna Lagunes explic\u00f3 que tampoco se prev\u00e9n nevadas en el Cofre de Perote y el Pico de Orizaba durante los pr\u00f3ximos d\u00edas.<\/p>\n\n\n\n<p>Cabe recordar que la primera nevada de la temporada 2022-2023 se registr\u00f3 el pasado domingo 25 de diciembre en el Cofre de Perote.<\/p>\n","protected":false},"excerpt":{"rendered":"<p>Juan Arcos Xalapa, Ver.- A partir de este mi\u00e9rcoles 28 de diciembre se incrementar\u00e1n las temperaturas en el estado de Veracruz, despu\u00e9s del paso del frente fr\u00edo n\u00famero 19 que ocasion\u00f3 la primera nevada de la temporada en el Cofre de Perote. De acuerdo con la jefa del Departamento de Hidrometeorolog\u00eda de la Comisi\u00f3n Nacional [&hellip;]<\/p>\n","protected":false},"author":1,"featured_media":34900,"comment_status":"open","ping_status":"open","sticky":false,"template":"","format":"standard","meta":{"_jetpack_memberships_contains_paid_content":false,"footnotes":""},"categories":[2],"tags":[],"class_list":["post-34899","post","type-post","status-publish","format-standard","has-post-thumbnail","hentry","category-estado"],"jetpack_featured_media_url":"https:\/\/encuentroinformativo.com.mx\/wp-content\/uploads\/2022\/12\/ADD2D4AA-C0E8-49B5-9EDE-8A6FE0804411.jpeg","jetpack_sharing_enabled":true,"jetpack_likes_enabled":true,"amp_enabled":true,"_links":{"self":[{"href":"https:\/\/encuentroinformativo.com.mx\/index.php?rest_route=\/wp\/v2\/posts\/34899","targetHints":{"allow":["GET"]}}],"collection":[{"href":"https:\/\/encuentroinformativo.com.mx\/index.php?rest_route=\/wp\/v2\/posts"}],"about":[{"href":"https:\/\/encuentroinformativo.com.mx\/index.php?rest_route=\/wp\/v2\/types\/post"}],"author":[{"embeddable":true,"href":"https:\/\/encuentroinformativo.com.mx\/index.php?rest_route=\/wp\/v2\/users\/1"}],"replies":[{"embeddable":true,"href":"https:\/\/encuentroinformativo.com.mx\/index.php?rest_route=%2Fwp%2Fv2%2Fcomments&post=34899"}],"version-history":[{"count":1,"href":"https:\/\/encuentroinformativo.com.mx\/index.php?rest_route=\/wp\/v2\/posts\/34899\/revisions"}],"predecessor-version":[{"id":34901,"href":"https:\/\/encuentroinformativo.com.mx\/index.php?rest_route=\/wp\/v2\/posts\/34899\/revisions\/34901"}],"wp:featuredmedia":[{"embeddable":true,"href":"https:\/\/encuentroinformativo.com.mx\/index.php?rest_route=\/wp\/v2\/media\/34900"}],"wp:attachment":[{"href":"https:\/\/encuentroinformativo.com.mx\/index.php?rest_route=%2Fwp%2Fv2%2Fmedia&parent=34899"}],"wp:term":[{"taxonomy":"category","embeddable":true,"href":"https:\/\/encuentroinformativo.com.mx\/index.php?rest_route=%2Fwp%2Fv2%2Fcategories&post=34899"},{"taxonomy":"post_tag","embeddable":true,"href":"https:\/\/encuentroinformativo.com.mx\/index.php?rest_route=%2Fwp%2Fv2%2Ftags&post=34899"}],"curies":[{"name":"wp","href":"https:\/\/api.w.org\/{rel}","templated":true}]}}