{"id":34902,"date":"2022-12-28T18:09:40","date_gmt":"2022-12-29T00:09:40","guid":{"rendered":"https:\/\/encuentroinformativo.com.mx\/?p=34902"},"modified":"2022-12-28T18:09:44","modified_gmt":"2022-12-29T00:09:44","slug":"en-abril-medellin-de-bravo-tendra-policia-municipal-afirma-alcalde","status":"publish","type":"post","link":"https:\/\/encuentroinformativo.com.mx\/?p=34902","title":{"rendered":"En abril, Medell\u00edn de Bravo tendr\u00e1 Polic\u00eda Municipal; afirma Alcalde"},"content":{"rendered":"\n<p><strong>Alejandro \u00c1vila<\/strong><\/p>\n\n\n\n<p>Medell\u00edn de Bravo, Ver.- El alcalde de Medell\u00edn de Bravo, Marcos Isle\u00f1o Andrade, estima que para el mes de abril del 2023 se concrete la primera generaci\u00f3n de la Polic\u00eda Municipal.<\/p>\n\n\n\n<p>El edil mencion\u00f3 que se tiene previsto invertir 20 millones de pesos en el tema de seguridad p\u00fablica; sin embargo, reconoci\u00f3 que es un monto econ\u00f3mico peque\u00f1o para lo que se necesita en el municipio.<\/p>\n\n\n\n<p>Este mi\u00e9rcoles el gobernador, Cuitl\u00e1huac Garc\u00eda Jim\u00e9nez visit\u00f3 el Palacio Municipal de Medell\u00edn de Bravo, donde se acord\u00f3 que la inversi\u00f3n que haga Marcos Isle\u00f1o Andrade en la Polic\u00eda Municipal, el Ejecutivo Estatal se lo retribuir\u00e1 en dinero para obra p\u00fablica.<\/p>\n\n\n\n<p>&#8220;No vamos a sentir tanto ese dinero que vamos a invertir en la seguridad p\u00fablica, que de verdad, independientemente de todo, yo creo que va a ser algo que beneficie mucho la ciudadan\u00eda&#8221;.<\/p>\n\n\n\n<p>&#8220;Te puedo decir que una cosa son las estad\u00edsticas y otra cosa ya es la realidad, porque muchos no denuncian, entonces realmente nosotros ya tenemos de 4, 5 o 6 robos diarios, es una locura lo que se est\u00e1 presentando, pero precisamente porque no hay rondines no existe presencia, yo entiendo que la Polic\u00eda Estatal est\u00e1 haciendo lo mejor que puede, pero son 33 elementos, realmente 33 elementos para 100 mil habitantes y para 400 kil\u00f3metros cuadrados que tenemos, pues es insuficiente&#8221;, agreg\u00f3.<\/p>\n\n\n\n<p>Marcos Isle\u00f1o dijo que se tiene contemplado tener entre 80 y 100 elementos de Polic\u00eda Municipal, al menos en 2023, distribuidos en varios puntos del municipio, siendo el corredor de Puente Moreno hacia la cabecera municipal el mayor &#8220;foco rojo&#8221; que deben combatir.<\/p>\n","protected":false},"excerpt":{"rendered":"<p>Alejandro \u00c1vila Medell\u00edn de Bravo, Ver.- El alcalde de Medell\u00edn de Bravo, Marcos Isle\u00f1o Andrade, estima que para el mes de abril del 2023 se concrete la primera generaci\u00f3n de la Polic\u00eda Municipal. El edil mencion\u00f3 que se tiene previsto invertir 20 millones de pesos en el tema de seguridad p\u00fablica; sin embargo, reconoci\u00f3 que [&hellip;]<\/p>\n","protected":false},"author":1,"featured_media":34903,"comment_status":"open","ping_status":"open","sticky":false,"template":"","format":"standard","meta":{"_jetpack_memberships_contains_paid_content":false,"footnotes":""},"categories":[2],"tags":[],"class_list":["post-34902","post","type-post","status-publish","format-standard","has-post-thumbnail","hentry","category-estado"],"jetpack_featured_media_url":"https:\/\/encuentroinformativo.com.mx\/wp-content\/uploads\/2022\/12\/387E661A-F682-460C-8700-2F072CD64CD5.jpeg","jetpack_sharing_enabled":true,"jetpack_likes_enabled":true,"amp_enabled":true,"_links":{"self":[{"href":"https:\/\/encuentroinformativo.com.mx\/index.php?rest_route=\/wp\/v2\/posts\/34902","targetHints":{"allow":["GET"]}}],"collection":[{"href":"https:\/\/encuentroinformativo.com.mx\/index.php?rest_route=\/wp\/v2\/posts"}],"about":[{"href":"https:\/\/encuentroinformativo.com.mx\/index.php?rest_route=\/wp\/v2\/types\/post"}],"author":[{"embeddable":true,"href":"https:\/\/encuentroinformativo.com.mx\/index.php?rest_route=\/wp\/v2\/users\/1"}],"replies":[{"embeddable":true,"href":"https:\/\/encuentroinformativo.com.mx\/index.php?rest_route=%2Fwp%2Fv2%2Fcomments&post=34902"}],"version-history":[{"count":1,"href":"https:\/\/encuentroinformativo.com.mx\/index.php?rest_route=\/wp\/v2\/posts\/34902\/revisions"}],"predecessor-version":[{"id":34904,"href":"https:\/\/encuentroinformativo.com.mx\/index.php?rest_route=\/wp\/v2\/posts\/34902\/revisions\/34904"}],"wp:featuredmedia":[{"embeddable":true,"href":"https:\/\/encuentroinformativo.com.mx\/index.php?rest_route=\/wp\/v2\/media\/34903"}],"wp:attachment":[{"href":"https:\/\/encuentroinformativo.com.mx\/index.php?rest_route=%2Fwp%2Fv2%2Fmedia&parent=34902"}],"wp:term":[{"taxonomy":"category","embeddable":true,"href":"https:\/\/encuentroinformativo.com.mx\/index.php?rest_route=%2Fwp%2Fv2%2Fcategories&post=34902"},{"taxonomy":"post_tag","embeddable":true,"href":"https:\/\/encuentroinformativo.com.mx\/index.php?rest_route=%2Fwp%2Fv2%2Ftags&post=34902"}],"curies":[{"name":"wp","href":"https:\/\/api.w.org\/{rel}","templated":true}]}}