{"id":34905,"date":"2022-12-28T18:12:32","date_gmt":"2022-12-29T00:12:32","guid":{"rendered":"https:\/\/encuentroinformativo.com.mx\/?p=34905"},"modified":"2022-12-28T18:12:36","modified_gmt":"2022-12-29T00:12:36","slug":"desestima-bingen-presunta-expulsion-del-pan","status":"publish","type":"post","link":"https:\/\/encuentroinformativo.com.mx\/?p=34905","title":{"rendered":"Desestima Bingen presunta expulsi\u00f3n del PAN"},"content":{"rendered":"\n<p><strong>Redacci\u00f3n<\/strong><\/p>\n\n\n\n<p>Veracruz, Ver.- La expulsi\u00f3n del Partido Acci\u00f3n Nacional me va a hacer &#8220;lo que el viento a Ju\u00e1rez&#8221;, declar\u00f3 en una entrevista de radio el diputado local, Bingen Rementer\u00eda Molina.<\/p>\n\n\n\n<p>El legislador panista asegur\u00f3 que el Comit\u00e9 Directivo Estatal del PAN no ha presentado al momento un proceso de expulsi\u00f3n en su contra.<\/p>\n\n\n\n<p>&#8220;Por supuesto que no, porque al final si ya lo hubieran hecho, ya lo hubieran presentado y no lo han presentado. Miren su expulsi\u00f3n me va a hacer &#8216;lo que el viento a Ju\u00e1rez&#8217;, y me tiene con una sonrisa de oreja a oreja, porque miren les voy a decir algo, en algunos a\u00f1os cuando ella (Indira Rosales) ya no est\u00e1 en el PAN, porque al final sus jefes pol\u00edticos los Yunes, pues han brincado de un partido a otro, y cuando ya no est\u00e9n en este partido pol\u00edtico yo voy a estar con una sonrisa de oreja a oreja, cu\u00e1ndo a esos ya no le sirve el PAN, yo estar\u00e9, repito, con una sonrisa de oreja a oreja recordando este momento, que seg\u00fan ellos quisieron iniciarme este proceso de expulsi\u00f3n, y me voy a seguir riendo porque no va a suceder, porque no hay ning\u00fan elemento&#8221;, sentenci\u00f3.<\/p>\n\n\n\n<p>Cabe recordar que hace exactamente una semana, el Comit\u00e9 Directivo Estatal del PAN, anunci\u00f3 un presunto proceso de expulsi\u00f3n en contra del diputado local, Bingen Rementer\u00eda Molina, por haber votado en el Congreso de Veracruz a favor de los Magistrados del TRIJAV.<\/p>\n\n\n\n<p>&#8220;Yo vot\u00e9 a favor del Magistrado Rub\u00e9n, militante del PAN desde 1990, y ex representante del PAN en el OPLE, en la pasada dirigencia estatal del PAN&#8221;, puntualiz\u00f3.<\/p>\n\n\n\n<p>Finalmente, el legislador veracruzano reconoci\u00f3 qu\u00e9 el partido se encuentra divido y fraccionado, pero se\u00f1al\u00f3 que esto se debe a que el grupo interno que maneja el partido en Veracruz as\u00ed lo ha querido.<\/p>\n","protected":false},"excerpt":{"rendered":"<p>Redacci\u00f3n Veracruz, Ver.- La expulsi\u00f3n del Partido Acci\u00f3n Nacional me va a hacer &#8220;lo que el viento a Ju\u00e1rez&#8221;, declar\u00f3 en una entrevista de radio el diputado local, Bingen Rementer\u00eda Molina. El legislador panista asegur\u00f3 que el Comit\u00e9 Directivo Estatal del PAN no ha presentado al momento un proceso de expulsi\u00f3n en su contra. &#8220;Por [&hellip;]<\/p>\n","protected":false},"author":1,"featured_media":34906,"comment_status":"open","ping_status":"open","sticky":false,"template":"","format":"standard","meta":{"_jetpack_memberships_contains_paid_content":false,"footnotes":""},"categories":[2],"tags":[],"class_list":["post-34905","post","type-post","status-publish","format-standard","has-post-thumbnail","hentry","category-estado"],"jetpack_featured_media_url":"https:\/\/encuentroinformativo.com.mx\/wp-content\/uploads\/2022\/12\/4C7E1F94-CE79-4FD9-AC98-63DD3521D1E5.jpeg","jetpack_sharing_enabled":true,"jetpack_likes_enabled":true,"amp_enabled":true,"_links":{"self":[{"href":"https:\/\/encuentroinformativo.com.mx\/index.php?rest_route=\/wp\/v2\/posts\/34905","targetHints":{"allow":["GET"]}}],"collection":[{"href":"https:\/\/encuentroinformativo.com.mx\/index.php?rest_route=\/wp\/v2\/posts"}],"about":[{"href":"https:\/\/encuentroinformativo.com.mx\/index.php?rest_route=\/wp\/v2\/types\/post"}],"author":[{"embeddable":true,"href":"https:\/\/encuentroinformativo.com.mx\/index.php?rest_route=\/wp\/v2\/users\/1"}],"replies":[{"embeddable":true,"href":"https:\/\/encuentroinformativo.com.mx\/index.php?rest_route=%2Fwp%2Fv2%2Fcomments&post=34905"}],"version-history":[{"count":1,"href":"https:\/\/encuentroinformativo.com.mx\/index.php?rest_route=\/wp\/v2\/posts\/34905\/revisions"}],"predecessor-version":[{"id":34907,"href":"https:\/\/encuentroinformativo.com.mx\/index.php?rest_route=\/wp\/v2\/posts\/34905\/revisions\/34907"}],"wp:featuredmedia":[{"embeddable":true,"href":"https:\/\/encuentroinformativo.com.mx\/index.php?rest_route=\/wp\/v2\/media\/34906"}],"wp:attachment":[{"href":"https:\/\/encuentroinformativo.com.mx\/index.php?rest_route=%2Fwp%2Fv2%2Fmedia&parent=34905"}],"wp:term":[{"taxonomy":"category","embeddable":true,"href":"https:\/\/encuentroinformativo.com.mx\/index.php?rest_route=%2Fwp%2Fv2%2Fcategories&post=34905"},{"taxonomy":"post_tag","embeddable":true,"href":"https:\/\/encuentroinformativo.com.mx\/index.php?rest_route=%2Fwp%2Fv2%2Ftags&post=34905"}],"curies":[{"name":"wp","href":"https:\/\/api.w.org\/{rel}","templated":true}]}}