{"id":34908,"date":"2022-12-28T18:15:55","date_gmt":"2022-12-29T00:15:55","guid":{"rendered":"https:\/\/encuentroinformativo.com.mx\/?p=34908"},"modified":"2022-12-28T18:16:00","modified_gmt":"2022-12-29T00:16:00","slug":"problema-amparos-que-otorgan-jueces-federales-gobernador","status":"publish","type":"post","link":"https:\/\/encuentroinformativo.com.mx\/?p=34908","title":{"rendered":"Problema amparos que otorgan jueces federales: Gobernador"},"content":{"rendered":"\n<p><strong>Alejandro \u00c1vila<\/strong><\/p>\n\n\n\n<p>Medell\u00edn de Bravo, Ver.- El gobernador de Veracruz, Cuitl\u00e1huac Garc\u00eda Jim\u00e9nez, lament\u00f3 y consider\u00f3 que es un problema que jueces federales otorguen amparos a ex funcionarios p\u00fablicos que han sido denunciados por presunta corrupci\u00f3n.<\/p>\n\n\n\n<p>Durante una visita al municipio de Medell\u00edn de Bravo para dialogar sobre temas de seguridad, se le cuestion\u00f3 al Ejecutivo Estatal sobre la denuncia que pesa sobre el ex alcalde, Hip\u00f3lito Deschamps Espino Barros, a qui\u00e9n se le acusa de peculado e incumplimiento de un deber legal, entre otros.<\/p>\n\n\n\n<p>&#8220;Eso tendr\u00e1 que avanzar, algunos jueces federales pues los amparan de inmediato y es un problema, incluso para llamarlos a que comparezca presentan amparos, entonces hay que litigar el amparo, y son amparos obviamente por jueces federales y es un problem\u00f3n, pero vamos a darle el seguimiento, incluso se ha logrado despu\u00e9s de algunos a\u00f1os tener detenciones, vinculaci\u00f3n a proceso. No olvidemos por ejemplo el caso de Rogelio &#8220;N&#8221;, que estuvo metiendo amparos y una vez que se litigaron esos amparos, y un juez pues ya decreto que quedan sin efectos esos son amparos, de fondo discutido ya, se procedieron con las vinculaciones a proceso de los delitos que inicialmente se le hab\u00edan se\u00f1alado (\u2026) no hay impunidad&#8221;, puntualiz\u00f3.<\/p>\n\n\n\n<p>El otro tema, confirm\u00f3 que se brindar\u00e1 apoyo al municipio de Medell\u00edn de Bravo para realizar el cambio y municipalizar a la polic\u00eda, pues reconoci\u00f3 que a los alrededores se presentan muchos hechos delictivos, los cuales pretenden reducir.<\/p>\n","protected":false},"excerpt":{"rendered":"<p>Alejandro \u00c1vila Medell\u00edn de Bravo, Ver.- El gobernador de Veracruz, Cuitl\u00e1huac Garc\u00eda Jim\u00e9nez, lament\u00f3 y consider\u00f3 que es un problema que jueces federales otorguen amparos a ex funcionarios p\u00fablicos que han sido denunciados por presunta corrupci\u00f3n. Durante una visita al municipio de Medell\u00edn de Bravo para dialogar sobre temas de seguridad, se le cuestion\u00f3 al [&hellip;]<\/p>\n","protected":false},"author":1,"featured_media":34909,"comment_status":"open","ping_status":"open","sticky":false,"template":"","format":"standard","meta":{"_jetpack_memberships_contains_paid_content":false,"footnotes":""},"categories":[2],"tags":[],"class_list":["post-34908","post","type-post","status-publish","format-standard","has-post-thumbnail","hentry","category-estado"],"jetpack_featured_media_url":"https:\/\/encuentroinformativo.com.mx\/wp-content\/uploads\/2022\/12\/D8B815C9-3F82-45AD-BC02-C7225039ACBB.jpeg","jetpack_sharing_enabled":true,"jetpack_likes_enabled":true,"amp_enabled":true,"_links":{"self":[{"href":"https:\/\/encuentroinformativo.com.mx\/index.php?rest_route=\/wp\/v2\/posts\/34908","targetHints":{"allow":["GET"]}}],"collection":[{"href":"https:\/\/encuentroinformativo.com.mx\/index.php?rest_route=\/wp\/v2\/posts"}],"about":[{"href":"https:\/\/encuentroinformativo.com.mx\/index.php?rest_route=\/wp\/v2\/types\/post"}],"author":[{"embeddable":true,"href":"https:\/\/encuentroinformativo.com.mx\/index.php?rest_route=\/wp\/v2\/users\/1"}],"replies":[{"embeddable":true,"href":"https:\/\/encuentroinformativo.com.mx\/index.php?rest_route=%2Fwp%2Fv2%2Fcomments&post=34908"}],"version-history":[{"count":1,"href":"https:\/\/encuentroinformativo.com.mx\/index.php?rest_route=\/wp\/v2\/posts\/34908\/revisions"}],"predecessor-version":[{"id":34910,"href":"https:\/\/encuentroinformativo.com.mx\/index.php?rest_route=\/wp\/v2\/posts\/34908\/revisions\/34910"}],"wp:featuredmedia":[{"embeddable":true,"href":"https:\/\/encuentroinformativo.com.mx\/index.php?rest_route=\/wp\/v2\/media\/34909"}],"wp:attachment":[{"href":"https:\/\/encuentroinformativo.com.mx\/index.php?rest_route=%2Fwp%2Fv2%2Fmedia&parent=34908"}],"wp:term":[{"taxonomy":"category","embeddable":true,"href":"https:\/\/encuentroinformativo.com.mx\/index.php?rest_route=%2Fwp%2Fv2%2Fcategories&post=34908"},{"taxonomy":"post_tag","embeddable":true,"href":"https:\/\/encuentroinformativo.com.mx\/index.php?rest_route=%2Fwp%2Fv2%2Ftags&post=34908"}],"curies":[{"name":"wp","href":"https:\/\/api.w.org\/{rel}","templated":true}]}}