{"id":34911,"date":"2022-12-28T18:21:04","date_gmt":"2022-12-29T00:21:04","guid":{"rendered":"https:\/\/encuentroinformativo.com.mx\/?p=34911"},"modified":"2022-12-28T18:21:07","modified_gmt":"2022-12-29T00:21:07","slug":"inaugura-el-alcalde-jm-unanue-el-parque-publico-naval","status":"publish","type":"post","link":"https:\/\/encuentroinformativo.com.mx\/?p=34911","title":{"rendered":"Inaugura el Alcalde JM Un\u00e1nue, el Parque P\u00fablico Naval"},"content":{"rendered":"\n<p><strong>*<em>Con estas acciones se cumple un compromiso social para seguir consolidando a Boca del R\u00edo, como lo mejor de Veracruz, destac\u00f3<\/em>.<\/strong><\/p>\n\n\n\n<p>Boca del R\u00edo, Ver.- El Ayuntamiento de Boca del R\u00edo, cierra el a\u00f1o invirtiendo en obra p\u00fablica, mejorando la calidad de vida y construyendo nuevos espacios p\u00fablicos, muestra de ello es la inauguraci\u00f3n del Parque P\u00fablico Naval en la colonia Ampliaci\u00f3n Miguel Alem\u00e1n.<\/p>\n\n\n\n<p>Esta obra, es el ejemplo del compromiso que tiene la administraci\u00f3n municipal, para entregar a los boque\u00f1os con espacios dignos para chicos y grandes, aptos para desarrollar actividades al aire libre.<\/p>\n\n\n\n<p>\u201cA inicios de a\u00f1o, tuvimos una pl\u00e1tica con los vecinos de esta zona, y ese d\u00eda me compromet\u00ed a transformar un terreno lleno de arena que daba muy mal aspecto, en un parque para todas las familias y hoy lo estamos cumpliendo\u201d, expres\u00f3 el Alcalde Juan Manuel Un\u00e1nue.<\/p>\n\n\n\n<p>Con una importante inversi\u00f3n, se construyeron 2 mil 200 metros cuadrados de un parque nuevo para el disfrute de vecinos y vecinas de esta colonia, sum\u00e1ndose adem\u00e1s 919.06 metros cuadrados de carpeta asf\u00e1ltica.<\/p>\n\n\n\n<p>Un\u00e1nue Abascal, enfatiz\u00f3 que la regeneraci\u00f3n del tejido social es una tarea intangible, pero que se promueve a diario con la creaci\u00f3n de espacios seguros para que ni\u00f1os, j\u00f3venes y adultos, puedan ejercer su derecho al esparcimiento, garantizando con ello una comunidad m\u00e1s unida y cohesionada.<\/p>\n\n\n\n<p>A partir de hoy, se podr\u00e1 disfrutar de una cancha de usos m\u00faltiples con una superficie total de 478 metros cuadrados que incluyen dos porter\u00edas con canasta y<\/p>\n\n\n\n<p>Entre otras acciones de beneficio social, se construyeron 145 metros lineales de guarniciones y 145 metros cuadrados de banquetas de concreto; las guarniciones se pintaron con pintura especial de hule clorado.<\/p>\n\n\n\n<p>Contenta de representar a los vecinos de la zona, Aid\u00e9 Lindero G\u00f3mez, dijo, \u201cestamos m\u00e1s que agradecidos por la pronta respuesta, un parque hoy hecho realidad donde ni\u00f1os y adultos tendremos un espacio libre, donde se podr\u00e1 jugar, seguros y sanamente\u201d.<\/p>\n\n\n\n<p>Por otra parte, se instalaron bancas, cestos para basura, juegos montables y juego met\u00e1lico que incluye cuatro actividades diferentes.<\/p>\n\n\n\n<p>Tambi\u00e9n se colocaron 190 metros lineales de bordillo de concreto simple que delimitar\u00e1n las \u00e1reas de jardiner\u00eda, para la seguridad de los ciudadanos, se colocaron 11 luminarias y seis proyectores, ambos con fotocelda.<\/p>\n\n\n\n<p>Asimismo, se sembraron 300 metros cuadrados de pasto y 131 plantas de diferentes especies, adem\u00e1s de la aplicaci\u00f3n de pintura para exteriores en la superficie de la cancha, guarniciones y banquetas, y para los boque\u00f1itos, placas de tapete suave para \u00e1reas infantiles.<\/p>\n\n\n\n<p>Por \u00faltimo, el Alcalde de Boca del R\u00edo, coment\u00f3 que con estas acciones se cumple un compromiso social para seguir consolidando a Boca del R\u00edo, como lo mejor de Veracruz.<\/p>\n","protected":false},"excerpt":{"rendered":"<p>*Con estas acciones se cumple un compromiso social para seguir consolidando a Boca del R\u00edo, como lo mejor de Veracruz, destac\u00f3. Boca del R\u00edo, Ver.- El Ayuntamiento de Boca del R\u00edo, cierra el a\u00f1o invirtiendo en obra p\u00fablica, mejorando la calidad de vida y construyendo nuevos espacios p\u00fablicos, muestra de ello es la inauguraci\u00f3n del [&hellip;]<\/p>\n","protected":false},"author":1,"featured_media":34912,"comment_status":"open","ping_status":"open","sticky":false,"template":"","format":"standard","meta":{"_jetpack_memberships_contains_paid_content":false,"footnotes":""},"categories":[2],"tags":[],"class_list":["post-34911","post","type-post","status-publish","format-standard","has-post-thumbnail","hentry","category-estado"],"jetpack_featured_media_url":"https:\/\/encuentroinformativo.com.mx\/wp-content\/uploads\/2022\/12\/4184F861-D917-4B7A-AFAC-6C68727AC61B.jpeg","jetpack_sharing_enabled":true,"jetpack_likes_enabled":true,"amp_enabled":true,"_links":{"self":[{"href":"https:\/\/encuentroinformativo.com.mx\/index.php?rest_route=\/wp\/v2\/posts\/34911","targetHints":{"allow":["GET"]}}],"collection":[{"href":"https:\/\/encuentroinformativo.com.mx\/index.php?rest_route=\/wp\/v2\/posts"}],"about":[{"href":"https:\/\/encuentroinformativo.com.mx\/index.php?rest_route=\/wp\/v2\/types\/post"}],"author":[{"embeddable":true,"href":"https:\/\/encuentroinformativo.com.mx\/index.php?rest_route=\/wp\/v2\/users\/1"}],"replies":[{"embeddable":true,"href":"https:\/\/encuentroinformativo.com.mx\/index.php?rest_route=%2Fwp%2Fv2%2Fcomments&post=34911"}],"version-history":[{"count":1,"href":"https:\/\/encuentroinformativo.com.mx\/index.php?rest_route=\/wp\/v2\/posts\/34911\/revisions"}],"predecessor-version":[{"id":34913,"href":"https:\/\/encuentroinformativo.com.mx\/index.php?rest_route=\/wp\/v2\/posts\/34911\/revisions\/34913"}],"wp:featuredmedia":[{"embeddable":true,"href":"https:\/\/encuentroinformativo.com.mx\/index.php?rest_route=\/wp\/v2\/media\/34912"}],"wp:attachment":[{"href":"https:\/\/encuentroinformativo.com.mx\/index.php?rest_route=%2Fwp%2Fv2%2Fmedia&parent=34911"}],"wp:term":[{"taxonomy":"category","embeddable":true,"href":"https:\/\/encuentroinformativo.com.mx\/index.php?rest_route=%2Fwp%2Fv2%2Fcategories&post=34911"},{"taxonomy":"post_tag","embeddable":true,"href":"https:\/\/encuentroinformativo.com.mx\/index.php?rest_route=%2Fwp%2Fv2%2Ftags&post=34911"}],"curies":[{"name":"wp","href":"https:\/\/api.w.org\/{rel}","templated":true}]}}