{"id":34919,"date":"2022-12-29T13:49:09","date_gmt":"2022-12-29T19:49:09","guid":{"rendered":"https:\/\/encuentroinformativo.com.mx\/?p=34919"},"modified":"2022-12-29T13:49:13","modified_gmt":"2022-12-29T19:49:13","slug":"instalan-mas-modulos-de-canje-de-placas","status":"publish","type":"post","link":"https:\/\/encuentroinformativo.com.mx\/?p=34919","title":{"rendered":"Instalan m\u00e1s m\u00f3dulos de canje de placas"},"content":{"rendered":"\n<p><strong>Dar\u00edo Pale <\/strong><\/p>\n\n\n\n<p>Xalapa, Ver.- La Sefiplan abre m\u00e1s m\u00f3dulos para canje de placas, desde el d\u00eda de ayer antes de que concluya el programa de canje de placas, la Secretar\u00eda de Finanzas y Planeaci\u00f3n abri\u00f3 cuatro m\u00f3dulos itinerantes m\u00e1s en Xalapa para realizar el tr\u00e1mite.<\/p>\n\n\n\n<p>Hay que recordar que el gobernador Cuitl\u00e1huac Garc\u00eda Jim\u00e9nez anunci\u00f3 que a partir del 1 de enero los agentes de Tr\u00e1nsito del Estado podr\u00e1n infraccionar a los conductores de los veh\u00edculos con placas anteriores al 2016.<\/p>\n\n\n\n<p>En los \u00faltimos d\u00edas las oficinas de Hacienda del Estado han sido insuficientes para atender las largas filas de personas que buscan hacer el tr\u00e1mite.<\/p>\n\n\n\n<p>En Xalapa se abrieron cuatro m\u00f3dulos ante el incremento de personas que tienen que atender los trabajadores incluso hasta las 10 de la noche.<\/p>\n\n\n\n<p>Uno de \u00e9stos en las oficinas de la propia Sefiplan, otro en la Secretar\u00eda de Educaci\u00f3n, uno m\u00e1s a un costado del Ayuntamiento y el \u00faltimo en las oficinas de Tr\u00e1nsito del Estado.<\/p>\n\n\n\n<p>A partir del inicio del 2023 los veh\u00edculos con placas anteriores a 2016 no podr\u00e1n circular y podr\u00e1n ser acreedores a infracciones.<\/p>\n\n\n\n<p>Este viernes es el \u00faltimo d\u00eda h\u00e1bil del a\u00f1o para que los usuarios puedan hacer el canje con los respectivos descuentos, no como al inicio del programa, pero todav\u00eda alcanzan algunos de \u00e9stos.<\/p>\n\n\n\n<p>Hasta el momento no se ha informado si nuevamente habr\u00e1 una pr\u00f3rroga para que puedan ser beneficiados del programa de descuentos.<\/p>\n","protected":false},"excerpt":{"rendered":"<p>Dar\u00edo Pale Xalapa, Ver.- La Sefiplan abre m\u00e1s m\u00f3dulos para canje de placas, desde el d\u00eda de ayer antes de que concluya el programa de canje de placas, la Secretar\u00eda de Finanzas y Planeaci\u00f3n abri\u00f3 cuatro m\u00f3dulos itinerantes m\u00e1s en Xalapa para realizar el tr\u00e1mite. Hay que recordar que el gobernador Cuitl\u00e1huac Garc\u00eda Jim\u00e9nez anunci\u00f3 [&hellip;]<\/p>\n","protected":false},"author":1,"featured_media":34920,"comment_status":"open","ping_status":"open","sticky":false,"template":"","format":"standard","meta":{"_jetpack_memberships_contains_paid_content":false,"footnotes":""},"categories":[3],"tags":[],"class_list":["post-34919","post","type-post","status-publish","format-standard","has-post-thumbnail","hentry","category-xalapa"],"jetpack_featured_media_url":"https:\/\/encuentroinformativo.com.mx\/wp-content\/uploads\/2022\/12\/10320DBF-EC85-4C46-8FC4-75A9FC2B958B.jpeg","jetpack_sharing_enabled":true,"jetpack_likes_enabled":true,"amp_enabled":true,"_links":{"self":[{"href":"https:\/\/encuentroinformativo.com.mx\/index.php?rest_route=\/wp\/v2\/posts\/34919","targetHints":{"allow":["GET"]}}],"collection":[{"href":"https:\/\/encuentroinformativo.com.mx\/index.php?rest_route=\/wp\/v2\/posts"}],"about":[{"href":"https:\/\/encuentroinformativo.com.mx\/index.php?rest_route=\/wp\/v2\/types\/post"}],"author":[{"embeddable":true,"href":"https:\/\/encuentroinformativo.com.mx\/index.php?rest_route=\/wp\/v2\/users\/1"}],"replies":[{"embeddable":true,"href":"https:\/\/encuentroinformativo.com.mx\/index.php?rest_route=%2Fwp%2Fv2%2Fcomments&post=34919"}],"version-history":[{"count":1,"href":"https:\/\/encuentroinformativo.com.mx\/index.php?rest_route=\/wp\/v2\/posts\/34919\/revisions"}],"predecessor-version":[{"id":34921,"href":"https:\/\/encuentroinformativo.com.mx\/index.php?rest_route=\/wp\/v2\/posts\/34919\/revisions\/34921"}],"wp:featuredmedia":[{"embeddable":true,"href":"https:\/\/encuentroinformativo.com.mx\/index.php?rest_route=\/wp\/v2\/media\/34920"}],"wp:attachment":[{"href":"https:\/\/encuentroinformativo.com.mx\/index.php?rest_route=%2Fwp%2Fv2%2Fmedia&parent=34919"}],"wp:term":[{"taxonomy":"category","embeddable":true,"href":"https:\/\/encuentroinformativo.com.mx\/index.php?rest_route=%2Fwp%2Fv2%2Fcategories&post=34919"},{"taxonomy":"post_tag","embeddable":true,"href":"https:\/\/encuentroinformativo.com.mx\/index.php?rest_route=%2Fwp%2Fv2%2Ftags&post=34919"}],"curies":[{"name":"wp","href":"https:\/\/api.w.org\/{rel}","templated":true}]}}