{"id":34925,"date":"2022-12-29T15:35:17","date_gmt":"2022-12-29T21:35:17","guid":{"rendered":"https:\/\/encuentroinformativo.com.mx\/?p=34925"},"modified":"2022-12-29T15:35:21","modified_gmt":"2022-12-29T21:35:21","slug":"repuntan-casos-de-covid-en-xalapa","status":"publish","type":"post","link":"https:\/\/encuentroinformativo.com.mx\/?p=34925","title":{"rendered":"Repuntan casos de Covid en Xalapa"},"content":{"rendered":"\n<p><strong>Dar\u00edo Pale <\/strong><\/p>\n\n\n\n<p>Xalapa, Ver.- La directora se Salud municipal en Xalapa, Olga Alarc\u00f3n Ricardez confirm\u00f3 que los cambios de temperatura provocan confusi\u00f3n de s\u00edntomas de COVID, influenza y gripe.<\/p>\n\n\n\n<p>No obstante la funcionaria municipal dijo que hay un repunte de casos positivos a COVID-19 en la ciudad aunque ya no son graves debido a que la poblaci\u00f3n cuenta con esquemas de vacunaci\u00f3n.<\/p>\n\n\n\n<p>En entrevista se\u00f1al\u00f3 que, &#8220;s\u00ed hay un reporte de incrementos de casos de COVID, gracias a Dios est\u00e1n estables, gracias a las vacunas y a las medidas que se han estado tomando&#8221;.<\/p>\n\n\n\n<p>Debido al descenso de temperaturas en la regi\u00f3n dijo que es com\u00fan que las personas se contagien de enfermedades virales con s\u00edntomas similares, ante esto insisti\u00f3 en el uso correcto del cubrebocas, medida que se ha relajado a\u00fan cuando aumentan los eventos concurridos de fin de a\u00f1o.<\/p>\n\n\n\n<p>&#8220;Ahorita es por la temporada invernal que estamos pasando, tanto fr\u00edo, luego de repente sale el sol y a veces est\u00e1n confundiendo diagn\u00f3sticos con COVID e influenza&#8221;, se\u00f1al\u00f3.<\/p>\n\n\n\n<p>&#8220;Estos climas son tan variantes que no nos van a permitir no contagiarnos tanto de gripa, como de influenza y de COVID, lo \u00fanico que podemos hacer es seguir las recomendaciones que durante casi tres a\u00f1os se han venido dando&#8221;, agreg\u00f3.<\/p>\n\n\n\n<p>Sobre la influeza, dijo que no hay un reporte de aumento de casos, aunque \u00a0&#8220;en Xalapa no se han cuantificado&#8221;.<\/p>\n\n\n\n<p>Por \u00faltimo de acuerdo a la Secretar\u00eda de Salud en el estado, al inicio de diciembre en Veracruz ya no se registraban casos nuevos de coronavirus, sin embargo el n\u00famero de nuevos positivos aument\u00f3 gradualmente y el 28 de diciembre se hab\u00edan registrado ya 178.<\/p>\n","protected":false},"excerpt":{"rendered":"<p>Dar\u00edo Pale Xalapa, Ver.- La directora se Salud municipal en Xalapa, Olga Alarc\u00f3n Ricardez confirm\u00f3 que los cambios de temperatura provocan confusi\u00f3n de s\u00edntomas de COVID, influenza y gripe. No obstante la funcionaria municipal dijo que hay un repunte de casos positivos a COVID-19 en la ciudad aunque ya no son graves debido a que [&hellip;]<\/p>\n","protected":false},"author":1,"featured_media":34926,"comment_status":"open","ping_status":"open","sticky":false,"template":"","format":"standard","meta":{"_jetpack_memberships_contains_paid_content":false,"footnotes":""},"categories":[9],"tags":[],"class_list":["post-34925","post","type-post","status-publish","format-standard","has-post-thumbnail","hentry","category-salud"],"jetpack_featured_media_url":"https:\/\/encuentroinformativo.com.mx\/wp-content\/uploads\/2022\/12\/7F4490CA-72A4-40A5-9BFC-8EBD57650C73.jpeg","jetpack_sharing_enabled":true,"jetpack_likes_enabled":true,"amp_enabled":true,"_links":{"self":[{"href":"https:\/\/encuentroinformativo.com.mx\/index.php?rest_route=\/wp\/v2\/posts\/34925","targetHints":{"allow":["GET"]}}],"collection":[{"href":"https:\/\/encuentroinformativo.com.mx\/index.php?rest_route=\/wp\/v2\/posts"}],"about":[{"href":"https:\/\/encuentroinformativo.com.mx\/index.php?rest_route=\/wp\/v2\/types\/post"}],"author":[{"embeddable":true,"href":"https:\/\/encuentroinformativo.com.mx\/index.php?rest_route=\/wp\/v2\/users\/1"}],"replies":[{"embeddable":true,"href":"https:\/\/encuentroinformativo.com.mx\/index.php?rest_route=%2Fwp%2Fv2%2Fcomments&post=34925"}],"version-history":[{"count":1,"href":"https:\/\/encuentroinformativo.com.mx\/index.php?rest_route=\/wp\/v2\/posts\/34925\/revisions"}],"predecessor-version":[{"id":34927,"href":"https:\/\/encuentroinformativo.com.mx\/index.php?rest_route=\/wp\/v2\/posts\/34925\/revisions\/34927"}],"wp:featuredmedia":[{"embeddable":true,"href":"https:\/\/encuentroinformativo.com.mx\/index.php?rest_route=\/wp\/v2\/media\/34926"}],"wp:attachment":[{"href":"https:\/\/encuentroinformativo.com.mx\/index.php?rest_route=%2Fwp%2Fv2%2Fmedia&parent=34925"}],"wp:term":[{"taxonomy":"category","embeddable":true,"href":"https:\/\/encuentroinformativo.com.mx\/index.php?rest_route=%2Fwp%2Fv2%2Fcategories&post=34925"},{"taxonomy":"post_tag","embeddable":true,"href":"https:\/\/encuentroinformativo.com.mx\/index.php?rest_route=%2Fwp%2Fv2%2Ftags&post=34925"}],"curies":[{"name":"wp","href":"https:\/\/api.w.org\/{rel}","templated":true}]}}