{"id":34938,"date":"2022-12-30T15:52:07","date_gmt":"2022-12-30T21:52:07","guid":{"rendered":"https:\/\/encuentroinformativo.com.mx\/?p=34938"},"modified":"2022-12-30T15:52:11","modified_gmt":"2022-12-30T21:52:11","slug":"ejecutan-a-tesorero-de-tezonapa","status":"publish","type":"post","link":"https:\/\/encuentroinformativo.com.mx\/?p=34938","title":{"rendered":"Ejecutan a tesorero de Tezonapa"},"content":{"rendered":"\n<p><strong>Juan Arcos<\/strong> <\/p>\n\n\n\n<p>Xalapa, Ver.- El tesorero del ayuntamiento de Tezonapa, Salvador \u201cN\u201d, fue asesinado a balazos la ma\u00f1ana de este viernes, cuando iba acompa\u00f1ado de dos empleadas municipales, quienes resultaron heridas.<\/p>\n\n\n\n<p>Esto ocurri\u00f3 en la zona central monta\u00f1osa del estado de Veracruz, donde la Fiscal\u00eda General del Estado (FGE), a cargo de Ver\u00f3nica Hern\u00e1ndez Giad\u00e1ns, inici\u00f3 las investigaciones para esclarecer este crimen.<\/p>\n\n\n\n<p>Los hechos sucedieron sobre la carretera estatal Omealca-Yanga, a la altura de la localidad de San Jos\u00e9 de Abajo, municipio de Cuitl\u00e1huac, donde los servidores p\u00fablicos viajaban a bordo de un veh\u00edculo Nissan-March, propiedad del ayuntamiento de Tezonapa.<\/p>\n\n\n\n<p>Cuando disminuyeron la velocidad para pasar sobre un tope, fueron interceptados y atacados a balazos por un grupo de hombres armados.<\/p>\n\n\n\n<p>Ha circulado la versi\u00f3n de que se trat\u00f3 de un asalto, toda vez que los agredidos ten\u00edan en su posesi\u00f3n el dinero de la n\u00f3mina municipal; sin embargo, esto no ha sido confirmado de manera oficial.<\/p>\n\n\n\n<p>Mar\u00eda Solena \u201cN\u201d y Josefa \u201cN\u201d son las empleadas municipales que resultaron heridas por impactos de bala, quienes fueron trasladadas en ambulancia a un hospital de la zona para su atenci\u00f3n m\u00e9dica.<\/p>\n\n\n\n<p>Los pobladores alertaron sobre este atentado al n\u00famero de emergencias 911, por lo que arribaron al sitio elementos de la Polic\u00eda Estatal y de Fuerza Civil, adscritos a la Secretar\u00eda de Seguridad P\u00fablica (SSP), a cargo de Cuauht\u00e9moc Z\u00fa\u00f1iga Bonilla.<\/p>\n\n\n\n<p>Mientras los param\u00e9dicos atend\u00edan a las trabajadoras municipales, los polic\u00edas desplegaron un fuerte operativo en la zona para la b\u00fasqueda y localizaci\u00f3n de los delincuentes.<\/p>\n\n\n\n<p>En la Mesa de Coordinaci\u00f3n para la Construcci\u00f3n de la Paz, encabezada por el gobernador Cuitl\u00e1huac Garc\u00eda Jim\u00e9nez y celebrada en el municipio de Emiliano Zapata, la Fiscal General indic\u00f3 que se abri\u00f3 una carpeta de investigaci\u00f3n por estos hechos violentos.<\/p>\n\n\n\n<p>Sin embargo, hasta el momento, las autoridades estatales no han logrado la detenci\u00f3n de los presuntos responsables de este crimen registrado previo a los festejos de A\u00f1o Nuevo.<\/p>\n\n\n\n<figure class=\"wp-block-image size-large\"><img loading=\"lazy\" decoding=\"async\" width=\"1024\" height=\"637\" src=\"https:\/\/encuentroinformativo.com.mx\/wp-content\/uploads\/2022\/12\/IMG_7849.jpg\" alt=\"\" class=\"wp-image-34940\" srcset=\"https:\/\/encuentroinformativo.com.mx\/wp-content\/uploads\/2022\/12\/IMG_7849.jpg 1024w, https:\/\/encuentroinformativo.com.mx\/wp-content\/uploads\/2022\/12\/IMG_7849-300x187.jpg 300w, https:\/\/encuentroinformativo.com.mx\/wp-content\/uploads\/2022\/12\/IMG_7849-768x478.jpg 768w, https:\/\/encuentroinformativo.com.mx\/wp-content\/uploads\/2022\/12\/IMG_7849-464x290.jpg 464w\" sizes=\"auto, (max-width: 1024px) 100vw, 1024px\" \/><\/figure>\n","protected":false},"excerpt":{"rendered":"<p>Juan Arcos Xalapa, Ver.- El tesorero del ayuntamiento de Tezonapa, Salvador \u201cN\u201d, fue asesinado a balazos la ma\u00f1ana de este viernes, cuando iba acompa\u00f1ado de dos empleadas municipales, quienes resultaron heridas. Esto ocurri\u00f3 en la zona central monta\u00f1osa del estado de Veracruz, donde la Fiscal\u00eda General del Estado (FGE), a cargo de Ver\u00f3nica Hern\u00e1ndez Giad\u00e1ns, [&hellip;]<\/p>\n","protected":false},"author":2476,"featured_media":34939,"comment_status":"open","ping_status":"open","sticky":false,"template":"","format":"standard","meta":{"_jetpack_memberships_contains_paid_content":false,"footnotes":""},"categories":[2],"tags":[],"class_list":["post-34938","post","type-post","status-publish","format-standard","has-post-thumbnail","hentry","category-estado"],"jetpack_featured_media_url":"https:\/\/encuentroinformativo.com.mx\/wp-content\/uploads\/2022\/12\/IMG_7847.jpg","jetpack_sharing_enabled":true,"jetpack_likes_enabled":true,"amp_enabled":true,"_links":{"self":[{"href":"https:\/\/encuentroinformativo.com.mx\/index.php?rest_route=\/wp\/v2\/posts\/34938","targetHints":{"allow":["GET"]}}],"collection":[{"href":"https:\/\/encuentroinformativo.com.mx\/index.php?rest_route=\/wp\/v2\/posts"}],"about":[{"href":"https:\/\/encuentroinformativo.com.mx\/index.php?rest_route=\/wp\/v2\/types\/post"}],"author":[{"embeddable":true,"href":"https:\/\/encuentroinformativo.com.mx\/index.php?rest_route=\/wp\/v2\/users\/2476"}],"replies":[{"embeddable":true,"href":"https:\/\/encuentroinformativo.com.mx\/index.php?rest_route=%2Fwp%2Fv2%2Fcomments&post=34938"}],"version-history":[{"count":1,"href":"https:\/\/encuentroinformativo.com.mx\/index.php?rest_route=\/wp\/v2\/posts\/34938\/revisions"}],"predecessor-version":[{"id":34941,"href":"https:\/\/encuentroinformativo.com.mx\/index.php?rest_route=\/wp\/v2\/posts\/34938\/revisions\/34941"}],"wp:featuredmedia":[{"embeddable":true,"href":"https:\/\/encuentroinformativo.com.mx\/index.php?rest_route=\/wp\/v2\/media\/34939"}],"wp:attachment":[{"href":"https:\/\/encuentroinformativo.com.mx\/index.php?rest_route=%2Fwp%2Fv2%2Fmedia&parent=34938"}],"wp:term":[{"taxonomy":"category","embeddable":true,"href":"https:\/\/encuentroinformativo.com.mx\/index.php?rest_route=%2Fwp%2Fv2%2Fcategories&post=34938"},{"taxonomy":"post_tag","embeddable":true,"href":"https:\/\/encuentroinformativo.com.mx\/index.php?rest_route=%2Fwp%2Fv2%2Ftags&post=34938"}],"curies":[{"name":"wp","href":"https:\/\/api.w.org\/{rel}","templated":true}]}}