{"id":3494,"date":"2020-06-19T17:32:24","date_gmt":"2020-06-19T22:32:24","guid":{"rendered":"https:\/\/encuentroinformativo.com\/?p=3494"},"modified":"2020-06-19T17:32:26","modified_gmt":"2020-06-19T22:32:26","slug":"aplicaran-multas-a-conductores-de-transporte-que-no-usen-cubrebocas","status":"publish","type":"post","link":"https:\/\/encuentroinformativo.com.mx\/?p=3494","title":{"rendered":"Aplicar\u00e1n multas a conductores de transporte que no usen cubrebocas"},"content":{"rendered":"\n<p><strong>Dar\u00edo Pale <\/strong><\/p>\n\n\n\n<p>Xalapa, Ver.- El delegado de transporte p\u00fablico Noe Gonz\u00e1lez  se\u00f1al\u00f3 que podr\u00edan aplicar multas a los conductores de autobuses y taxis que \u00a0no usen cubrebocas o gel antibacterial al dar el servicio urbano.<\/p>\n\n\n\n<p>Entrevistado durante los operativos en la terminal del FOVISSSTE, advirti\u00f3 que las multas ser\u00edan de hasta 3 mil pesos cuando reincidan despu\u00e9s de 2 a 3 apercibimientos.<\/p>\n\n\n\n<p>&#8220;La multa ser\u00eda despu\u00e9s del segundo. Hay un art\u00edculo, el 84, que nos faculta por el riesgo de salud. Ah\u00ed entra todo. Son de un aproximado de 200 salarios m\u00ednimos&#8221;, se\u00f1al\u00f3.<\/p>\n\n\n\n<p>Hasta ahora s\u00f3lo los elementos de Transporte han emitido apercimientos a los conductores que no acaten las recomendaciones sanitarias, ya que por el momento no est\u00e1n levantando infracciones pero lamentablemente algunos est\u00e1n abusando de esta situaci\u00f3n.<\/p>\n\n\n\n<p>&#8220;Se les est\u00e1 haciendo un apercibimiento donde se les notifica, pero de reincidir en esta falta, de no hacer caso a la indicaci\u00f3n que se les da se proceder\u00e1. Se les est\u00e1 solicitando a los concesionarios que asistan a la delegaci\u00f3n y hacerles el exhorto para que platiquen con sus conductores y hagan caso de las medidas sanitarias&#8221;, coment\u00f3.<\/p>\n\n\n\n<p>De manera aleatoria, \u00a0este viernes Transporte P\u00fablico realiz\u00f3 operativos para exhortar a los conductores y pasajeros en el uso de cubrebocas, adem\u00e1s de corroborar que las unidades sean sanitizadas al llegar a la terminal.<\/p>\n\n\n\n<p><\/p>\n","protected":false},"excerpt":{"rendered":"<p>Dar\u00edo Pale Xalapa, Ver.- El delegado de transporte p\u00fablico Noe Gonz\u00e1lez se\u00f1al\u00f3 que podr\u00edan aplicar multas a los conductores de autobuses y taxis que \u00a0no usen cubrebocas o gel antibacterial al dar el servicio urbano. Entrevistado durante los operativos en la terminal del FOVISSSTE, advirti\u00f3 que las multas ser\u00edan de hasta 3 mil pesos cuando [&hellip;]<\/p>\n","protected":false},"author":1,"featured_media":3495,"comment_status":"open","ping_status":"open","sticky":false,"template":"","format":"standard","meta":{"_jetpack_memberships_contains_paid_content":false,"footnotes":""},"categories":[3],"tags":[],"class_list":["post-3494","post","type-post","status-publish","format-standard","has-post-thumbnail","hentry","category-xalapa"],"jetpack_featured_media_url":"https:\/\/encuentroinformativo.com.mx\/wp-content\/uploads\/2020\/06\/390BE7EE-5969-46E3-8067-A52486C5461F.jpeg","jetpack_sharing_enabled":true,"jetpack_likes_enabled":true,"amp_enabled":true,"_links":{"self":[{"href":"https:\/\/encuentroinformativo.com.mx\/index.php?rest_route=\/wp\/v2\/posts\/3494","targetHints":{"allow":["GET"]}}],"collection":[{"href":"https:\/\/encuentroinformativo.com.mx\/index.php?rest_route=\/wp\/v2\/posts"}],"about":[{"href":"https:\/\/encuentroinformativo.com.mx\/index.php?rest_route=\/wp\/v2\/types\/post"}],"author":[{"embeddable":true,"href":"https:\/\/encuentroinformativo.com.mx\/index.php?rest_route=\/wp\/v2\/users\/1"}],"replies":[{"embeddable":true,"href":"https:\/\/encuentroinformativo.com.mx\/index.php?rest_route=%2Fwp%2Fv2%2Fcomments&post=3494"}],"version-history":[{"count":1,"href":"https:\/\/encuentroinformativo.com.mx\/index.php?rest_route=\/wp\/v2\/posts\/3494\/revisions"}],"predecessor-version":[{"id":3496,"href":"https:\/\/encuentroinformativo.com.mx\/index.php?rest_route=\/wp\/v2\/posts\/3494\/revisions\/3496"}],"wp:featuredmedia":[{"embeddable":true,"href":"https:\/\/encuentroinformativo.com.mx\/index.php?rest_route=\/wp\/v2\/media\/3495"}],"wp:attachment":[{"href":"https:\/\/encuentroinformativo.com.mx\/index.php?rest_route=%2Fwp%2Fv2%2Fmedia&parent=3494"}],"wp:term":[{"taxonomy":"category","embeddable":true,"href":"https:\/\/encuentroinformativo.com.mx\/index.php?rest_route=%2Fwp%2Fv2%2Fcategories&post=3494"},{"taxonomy":"post_tag","embeddable":true,"href":"https:\/\/encuentroinformativo.com.mx\/index.php?rest_route=%2Fwp%2Fv2%2Ftags&post=3494"}],"curies":[{"name":"wp","href":"https:\/\/api.w.org\/{rel}","templated":true}]}}