{"id":34942,"date":"2022-12-30T15:56:42","date_gmt":"2022-12-30T21:56:42","guid":{"rendered":"https:\/\/encuentroinformativo.com.mx\/?p=34942"},"modified":"2022-12-30T15:56:47","modified_gmt":"2022-12-30T21:56:47","slug":"en-ano-nuevo-abriran-cofre-de-perote","status":"publish","type":"post","link":"https:\/\/encuentroinformativo.com.mx\/?p=34942","title":{"rendered":"En a\u00f1o nuevo, abrir\u00e1n Cofre de Perote"},"content":{"rendered":"\n<p><strong>Dar\u00edo Pale<\/strong><\/p>\n\n\n\n<p>Xalapa, Ver.- Las corporaciones de Protecci\u00f3n Civil Estatal, Protecci\u00f3n Civil Perote y la CONANP han reconsiderado la decisi\u00f3n y s\u00ed se abrir\u00e1 el Parque Nacional, esto despu\u00e9s de que el ayuntamiento de Perote inform\u00f3 que el 1 de enero de 2023 permanecer\u00eda cerrado el Parque Nacional Cofre de Perote.<\/p>\n\n\n\n<p>A trav\u00e9s de sus redes sociales, indic\u00f3 que por la seguridad de todos los visitantes, la entrada ser\u00e1 en un horario estricto de 7:00 de la ma\u00f1ana a las 13:00 horas, siempre y cuando el n\u00famero de veh\u00edculos en la monta\u00f1a no sobrepase el aforo adecuado.\u00a0<\/p>\n\n\n\n<p>De lo contrario, se tomar\u00e1 la decisi\u00f3n de cerrar la entrada, advirti\u00f3 la autoridad municipal, asimismo, indic\u00f3 que el horario de descenso y barrido de la zona empezar\u00e1 a las 15:00 horas.<\/p>\n\n\n\n<p>Fue el pasado 25 de noviembre cuando se registr\u00f3 la primera nevada de la temporada invernal, pero no fue la primera de este a\u00f1o, ya que cabe recordar, a inicios de este 2022 se registr\u00f3 la primera de varias que se registraron en la temporada.<\/p>\n\n\n\n<p>Fue Luis Gerardo Dolores Lozano, jefe del departamento del Parque Nacional Cofre de Perote, de la Comisi\u00f3n Nacional de \u00c1reas Naturales Protegidas (CONANP), quien invit\u00f3 a los turistas a que antes de subir a la monta\u00f1a deben tomar en cuenta los diversos riesgos que pueden correr si no tienen las recomendaciones de Protecci\u00f3n Civil.<\/p>\n\n\n\n<p>Destac\u00f3 que no tienen el personal suficiente para atender las emergencias por lo que insisti\u00f3 en que la gente debe de cuidarse.<\/p>\n\n\n\n<p>Por \u00faltimo resalt\u00f3 que no deben subir a la monta\u00f1a mujeres embarazadas, personas con problemas card\u00edacos, personas con problemas de presi\u00f3n alta o de presi\u00f3n baja, alg\u00fan tipo de lesi\u00f3n o operaci\u00f3n reciente, personas que tengan alguna condici\u00f3n que no les permita caminar de manera libre.<\/p>\n","protected":false},"excerpt":{"rendered":"<p>Dar\u00edo Pale Xalapa, Ver.- Las corporaciones de Protecci\u00f3n Civil Estatal, Protecci\u00f3n Civil Perote y la CONANP han reconsiderado la decisi\u00f3n y s\u00ed se abrir\u00e1 el Parque Nacional, esto despu\u00e9s de que el ayuntamiento de Perote inform\u00f3 que el 1 de enero de 2023 permanecer\u00eda cerrado el Parque Nacional Cofre de Perote. A trav\u00e9s de sus [&hellip;]<\/p>\n","protected":false},"author":2476,"featured_media":34943,"comment_status":"open","ping_status":"open","sticky":false,"template":"","format":"standard","meta":{"_jetpack_memberships_contains_paid_content":false,"footnotes":""},"categories":[8],"tags":[],"class_list":["post-34942","post","type-post","status-publish","format-standard","has-post-thumbnail","hentry","category-region"],"jetpack_featured_media_url":"https:\/\/encuentroinformativo.com.mx\/wp-content\/uploads\/2022\/12\/IMG-20221230-WA0027.jpg","jetpack_sharing_enabled":true,"jetpack_likes_enabled":true,"amp_enabled":true,"_links":{"self":[{"href":"https:\/\/encuentroinformativo.com.mx\/index.php?rest_route=\/wp\/v2\/posts\/34942","targetHints":{"allow":["GET"]}}],"collection":[{"href":"https:\/\/encuentroinformativo.com.mx\/index.php?rest_route=\/wp\/v2\/posts"}],"about":[{"href":"https:\/\/encuentroinformativo.com.mx\/index.php?rest_route=\/wp\/v2\/types\/post"}],"author":[{"embeddable":true,"href":"https:\/\/encuentroinformativo.com.mx\/index.php?rest_route=\/wp\/v2\/users\/2476"}],"replies":[{"embeddable":true,"href":"https:\/\/encuentroinformativo.com.mx\/index.php?rest_route=%2Fwp%2Fv2%2Fcomments&post=34942"}],"version-history":[{"count":1,"href":"https:\/\/encuentroinformativo.com.mx\/index.php?rest_route=\/wp\/v2\/posts\/34942\/revisions"}],"predecessor-version":[{"id":34944,"href":"https:\/\/encuentroinformativo.com.mx\/index.php?rest_route=\/wp\/v2\/posts\/34942\/revisions\/34944"}],"wp:featuredmedia":[{"embeddable":true,"href":"https:\/\/encuentroinformativo.com.mx\/index.php?rest_route=\/wp\/v2\/media\/34943"}],"wp:attachment":[{"href":"https:\/\/encuentroinformativo.com.mx\/index.php?rest_route=%2Fwp%2Fv2%2Fmedia&parent=34942"}],"wp:term":[{"taxonomy":"category","embeddable":true,"href":"https:\/\/encuentroinformativo.com.mx\/index.php?rest_route=%2Fwp%2Fv2%2Fcategories&post=34942"},{"taxonomy":"post_tag","embeddable":true,"href":"https:\/\/encuentroinformativo.com.mx\/index.php?rest_route=%2Fwp%2Fv2%2Ftags&post=34942"}],"curies":[{"name":"wp","href":"https:\/\/api.w.org\/{rel}","templated":true}]}}