{"id":34950,"date":"2022-12-30T11:12:08","date_gmt":"2022-12-30T17:12:08","guid":{"rendered":"https:\/\/encuentroinformativo.com.mx\/?p=34950"},"modified":"2022-12-30T16:15:22","modified_gmt":"2022-12-30T22:15:22","slug":"nombran-nuevo-tesorero-en-medellin-de-bravo","status":"publish","type":"post","link":"https:\/\/encuentroinformativo.com.mx\/?p=34950","title":{"rendered":"Nombran nuevo Tesorero en Medell\u00edn de Bravo"},"content":{"rendered":"\n<p><strong>Alejandro \u00c1vila<\/strong><\/p>\n\n\n\n<p>Medell\u00edn de Bravo, Ver.- Cumpliendo con lo establecido por la ley, el pasado 16 de diciembre se aprob\u00f3 en el Cabildo de Medell\u00edn de Bravo que, C\u00e9sar Yosip Hern\u00e1ndez asumiera el cargo de Tesorero Municipal.<\/p>\n\n\n\n<p>El alcalde Marcos Isle\u00f1o Andrade inform\u00f3 que el nuevo titular del \u00e1rea ya se ven\u00eda desempe\u00f1ando en la Tesorer\u00eda.<\/p>\n\n\n\n<p>&#8220;Ya el Cabildo design\u00f3 a qui\u00e9n es su sucesor, en este caso es que C\u00e9sar Yosip Hern\u00e1ndez, que ya ven\u00eda desempe\u00f1\u00e1ndose como contador general, ahora pasa a ser el Tesorero, es un muchacho Contador P\u00fablico y que es de aqu\u00ed tambi\u00e9n del municipio&#8221;, apunt\u00f3.<\/p>\n\n\n\n<p>Cabe recordar que a inicios del mes de diciembre, ex tesorera, Anah\u00ed Serna Llinas, present\u00f3 por escrito su renuncia, debido a que a partir del 1 de enero del 2023 se tendr\u00e1 que presentar nuevamente a cumplir su plaza en el magisterio.<\/p>\n\n\n\n<p>&#8220;Propiamente ellos ten\u00edan todo el tema de la Tesorer\u00eda su cargo, entre los dos manejaban la Tesorer\u00eda, entonces no hubo ning\u00fan problema ni administrativo ni en la parte pol\u00edtica con los ediles, porque ya conoc\u00edan bien el trabajo de C\u00e9sar (\u2026) as\u00ed es, todo va caminando como debe de ser, y desde el d\u00eda 16 de diciembre est\u00e1 fungiendo como Tesorero, y todo va transcurriendo de manera normal&#8221;, remat\u00f3.<\/p>\n","protected":false},"excerpt":{"rendered":"<p>Alejandro \u00c1vila Medell\u00edn de Bravo, Ver.- Cumpliendo con lo establecido por la ley, el pasado 16 de diciembre se aprob\u00f3 en el Cabildo de Medell\u00edn de Bravo que, C\u00e9sar Yosip Hern\u00e1ndez asumiera el cargo de Tesorero Municipal. El alcalde Marcos Isle\u00f1o Andrade inform\u00f3 que el nuevo titular del \u00e1rea ya se ven\u00eda desempe\u00f1ando en la [&hellip;]<\/p>\n","protected":false},"author":2476,"featured_media":34951,"comment_status":"open","ping_status":"open","sticky":false,"template":"","format":"standard","meta":{"_jetpack_memberships_contains_paid_content":false,"footnotes":""},"categories":[2],"tags":[],"class_list":["post-34950","post","type-post","status-publish","format-standard","has-post-thumbnail","hentry","category-estado"],"jetpack_featured_media_url":"https:\/\/encuentroinformativo.com.mx\/wp-content\/uploads\/2022\/12\/IMG-20221230-WA0034.jpg","jetpack_sharing_enabled":true,"jetpack_likes_enabled":true,"amp_enabled":true,"_links":{"self":[{"href":"https:\/\/encuentroinformativo.com.mx\/index.php?rest_route=\/wp\/v2\/posts\/34950","targetHints":{"allow":["GET"]}}],"collection":[{"href":"https:\/\/encuentroinformativo.com.mx\/index.php?rest_route=\/wp\/v2\/posts"}],"about":[{"href":"https:\/\/encuentroinformativo.com.mx\/index.php?rest_route=\/wp\/v2\/types\/post"}],"author":[{"embeddable":true,"href":"https:\/\/encuentroinformativo.com.mx\/index.php?rest_route=\/wp\/v2\/users\/2476"}],"replies":[{"embeddable":true,"href":"https:\/\/encuentroinformativo.com.mx\/index.php?rest_route=%2Fwp%2Fv2%2Fcomments&post=34950"}],"version-history":[{"count":1,"href":"https:\/\/encuentroinformativo.com.mx\/index.php?rest_route=\/wp\/v2\/posts\/34950\/revisions"}],"predecessor-version":[{"id":34952,"href":"https:\/\/encuentroinformativo.com.mx\/index.php?rest_route=\/wp\/v2\/posts\/34950\/revisions\/34952"}],"wp:featuredmedia":[{"embeddable":true,"href":"https:\/\/encuentroinformativo.com.mx\/index.php?rest_route=\/wp\/v2\/media\/34951"}],"wp:attachment":[{"href":"https:\/\/encuentroinformativo.com.mx\/index.php?rest_route=%2Fwp%2Fv2%2Fmedia&parent=34950"}],"wp:term":[{"taxonomy":"category","embeddable":true,"href":"https:\/\/encuentroinformativo.com.mx\/index.php?rest_route=%2Fwp%2Fv2%2Fcategories&post=34950"},{"taxonomy":"post_tag","embeddable":true,"href":"https:\/\/encuentroinformativo.com.mx\/index.php?rest_route=%2Fwp%2Fv2%2Ftags&post=34950"}],"curies":[{"name":"wp","href":"https:\/\/api.w.org\/{rel}","templated":true}]}}