{"id":34955,"date":"2022-12-30T20:31:08","date_gmt":"2022-12-31T02:31:08","guid":{"rendered":"https:\/\/encuentroinformativo.com.mx\/?p=34955"},"modified":"2022-12-30T20:31:12","modified_gmt":"2022-12-31T02:31:12","slug":"ayuntamiento-de-xalapa-listo-para-cobro-de-predial-alcalde","status":"publish","type":"post","link":"https:\/\/encuentroinformativo.com.mx\/?p=34955","title":{"rendered":"Ayuntamiento de Xalapa listo para cobro de predial: Alcalde"},"content":{"rendered":"\n<p><br>Xalapa, Ver.- El alcalde de Xalapa, Ricardo Ahued Bardahuil, inform\u00f3 que este lunes 2 de enero iniciar\u00e1 el cobro del predial esperando recaudar aproximadamente 90 millones de pesos.<\/p>\n\n\n\n<p>El mun\u00edcipe dijo que habr\u00e1 un ajuste de tarifas debido a que se actualizaron las tablas inflacionarias, esperando que suba un poco m\u00e1s la recolecci\u00f3n de este impuesto.<\/p>\n\n\n\n<figure class=\"wp-block-image size-large\"><img loading=\"lazy\" decoding=\"async\" width=\"1024\" height=\"683\" src=\"https:\/\/encuentroinformativo.com.mx\/wp-content\/uploads\/2022\/12\/Photo_1672453663727-1024x683.jpg\" alt=\"\" class=\"wp-image-34957\" srcset=\"https:\/\/encuentroinformativo.com.mx\/wp-content\/uploads\/2022\/12\/Photo_1672453663727-1024x683.jpg 1024w, https:\/\/encuentroinformativo.com.mx\/wp-content\/uploads\/2022\/12\/Photo_1672453663727-300x200.jpg 300w, https:\/\/encuentroinformativo.com.mx\/wp-content\/uploads\/2022\/12\/Photo_1672453663727-768x512.jpg 768w, https:\/\/encuentroinformativo.com.mx\/wp-content\/uploads\/2022\/12\/Photo_1672453663727.jpg 1280w\" sizes=\"auto, (max-width: 1024px) 100vw, 1024px\" \/><\/figure>\n","protected":false},"excerpt":{"rendered":"<p>Xalapa, Ver.- El alcalde de Xalapa, Ricardo Ahued Bardahuil, inform\u00f3 que este lunes 2 de enero iniciar\u00e1 el cobro del predial esperando recaudar aproximadamente 90 millones de pesos. El mun\u00edcipe dijo que habr\u00e1 un ajuste de tarifas debido a que se actualizaron las tablas inflacionarias, esperando que suba un poco m\u00e1s la recolecci\u00f3n de este [&hellip;]<\/p>\n","protected":false},"author":2476,"featured_media":34956,"comment_status":"open","ping_status":"open","sticky":false,"template":"","format":"standard","meta":{"_jetpack_memberships_contains_paid_content":false,"footnotes":""},"categories":[3],"tags":[],"class_list":["post-34955","post","type-post","status-publish","format-standard","has-post-thumbnail","hentry","category-xalapa"],"jetpack_featured_media_url":"https:\/\/encuentroinformativo.com.mx\/wp-content\/uploads\/2022\/12\/Photo_1672452057058.jpg","jetpack_sharing_enabled":true,"jetpack_likes_enabled":true,"amp_enabled":true,"_links":{"self":[{"href":"https:\/\/encuentroinformativo.com.mx\/index.php?rest_route=\/wp\/v2\/posts\/34955","targetHints":{"allow":["GET"]}}],"collection":[{"href":"https:\/\/encuentroinformativo.com.mx\/index.php?rest_route=\/wp\/v2\/posts"}],"about":[{"href":"https:\/\/encuentroinformativo.com.mx\/index.php?rest_route=\/wp\/v2\/types\/post"}],"author":[{"embeddable":true,"href":"https:\/\/encuentroinformativo.com.mx\/index.php?rest_route=\/wp\/v2\/users\/2476"}],"replies":[{"embeddable":true,"href":"https:\/\/encuentroinformativo.com.mx\/index.php?rest_route=%2Fwp%2Fv2%2Fcomments&post=34955"}],"version-history":[{"count":1,"href":"https:\/\/encuentroinformativo.com.mx\/index.php?rest_route=\/wp\/v2\/posts\/34955\/revisions"}],"predecessor-version":[{"id":34958,"href":"https:\/\/encuentroinformativo.com.mx\/index.php?rest_route=\/wp\/v2\/posts\/34955\/revisions\/34958"}],"wp:featuredmedia":[{"embeddable":true,"href":"https:\/\/encuentroinformativo.com.mx\/index.php?rest_route=\/wp\/v2\/media\/34956"}],"wp:attachment":[{"href":"https:\/\/encuentroinformativo.com.mx\/index.php?rest_route=%2Fwp%2Fv2%2Fmedia&parent=34955"}],"wp:term":[{"taxonomy":"category","embeddable":true,"href":"https:\/\/encuentroinformativo.com.mx\/index.php?rest_route=%2Fwp%2Fv2%2Fcategories&post=34955"},{"taxonomy":"post_tag","embeddable":true,"href":"https:\/\/encuentroinformativo.com.mx\/index.php?rest_route=%2Fwp%2Fv2%2Ftags&post=34955"}],"curies":[{"name":"wp","href":"https:\/\/api.w.org\/{rel}","templated":true}]}}