{"id":34960,"date":"2022-12-31T13:55:36","date_gmt":"2022-12-31T19:55:36","guid":{"rendered":"https:\/\/encuentroinformativo.com.mx\/?p=34960"},"modified":"2022-12-31T13:55:40","modified_gmt":"2022-12-31T19:55:40","slug":"procuramos-levantar-el-estado-gobernador","status":"publish","type":"post","link":"https:\/\/encuentroinformativo.com.mx\/?p=34960","title":{"rendered":"Procuramos levantar el estado: Gobernador"},"content":{"rendered":"\n<p><strong>Dar\u00edo Pale <\/strong><\/p>\n\n\n\n<p>Xalapa, Ver.- Su administraci\u00f3n est\u00e1 procurando &#8220;levantar nuestro estado&#8221;, as\u00ed lo se\u00f1al\u00f3 el gobernador Cuitl\u00e1huac Garc\u00eda Jim\u00e9nez durante su mensaje de fin de a\u00f1o a los veracruzanos a trav\u00e9s de sus redes sociales.<\/p>\n\n\n\n<p>En su mensaje se\u00f1ala: &#8220;Estamos procurando levantar nuestro estado haciendo el mejor esfuerzo, pero tambi\u00e9n entre las familias debemos saber convivir y pasarla de lo mejor&#8221;.<\/p>\n\n\n\n<p>&#8220;Que este fin de a\u00f1o lo celebremos en familia o pensando en los dem\u00e1s y que les deseemos todo lo mejor&#8221;, se\u00f1al\u00f3.<\/p>\n\n\n\n<p>Envi\u00f3 tambi\u00e9n un abrazo a todas las familias del Estado, as\u00ed como sus deseos de que el 2023 sea un a\u00f1o prospero.<\/p>\n\n\n\n<p>Este 2022 est\u00e1 cerrando con diversos hechos de violencia en algunas partes del Estado como los recientes hechos ocurridos en Tezonapa, en donde mataron al tesorero, igual que en el municipio de Rafael Delgado, donde asesinaron a su alcalde.<\/p>\n\n\n\n<p>En C\u00f3rdoba la ma\u00f1ana de este s\u00e1bado se dio a conocer que cuatro personas fueron halladas sin vida en el interior de una vivienda.<\/p>\n\n\n\n<p>Adem\u00e1s de un aparatoso accidente en la carretera Xalapa-Perote en d\u00f3nde dos trailers se vieron involucrados y ni que decir de una persona que fue localizada en esta capital con un machetazo en la cabeza, as\u00ed como la p\u00e9rdida de uno de sus ojos.<\/p>\n","protected":false},"excerpt":{"rendered":"<p>Dar\u00edo Pale Xalapa, Ver.- Su administraci\u00f3n est\u00e1 procurando &#8220;levantar nuestro estado&#8221;, as\u00ed lo se\u00f1al\u00f3 el gobernador Cuitl\u00e1huac Garc\u00eda Jim\u00e9nez durante su mensaje de fin de a\u00f1o a los veracruzanos a trav\u00e9s de sus redes sociales. En su mensaje se\u00f1ala: &#8220;Estamos procurando levantar nuestro estado haciendo el mejor esfuerzo, pero tambi\u00e9n entre las familias debemos saber [&hellip;]<\/p>\n","protected":false},"author":2476,"featured_media":34961,"comment_status":"open","ping_status":"open","sticky":false,"template":"","format":"standard","meta":{"_jetpack_memberships_contains_paid_content":false,"footnotes":""},"categories":[2],"tags":[],"class_list":["post-34960","post","type-post","status-publish","format-standard","has-post-thumbnail","hentry","category-estado"],"jetpack_featured_media_url":"https:\/\/encuentroinformativo.com.mx\/wp-content\/uploads\/2022\/12\/IMG-20221231-WA0015.jpg","jetpack_sharing_enabled":true,"jetpack_likes_enabled":true,"amp_enabled":true,"_links":{"self":[{"href":"https:\/\/encuentroinformativo.com.mx\/index.php?rest_route=\/wp\/v2\/posts\/34960","targetHints":{"allow":["GET"]}}],"collection":[{"href":"https:\/\/encuentroinformativo.com.mx\/index.php?rest_route=\/wp\/v2\/posts"}],"about":[{"href":"https:\/\/encuentroinformativo.com.mx\/index.php?rest_route=\/wp\/v2\/types\/post"}],"author":[{"embeddable":true,"href":"https:\/\/encuentroinformativo.com.mx\/index.php?rest_route=\/wp\/v2\/users\/2476"}],"replies":[{"embeddable":true,"href":"https:\/\/encuentroinformativo.com.mx\/index.php?rest_route=%2Fwp%2Fv2%2Fcomments&post=34960"}],"version-history":[{"count":1,"href":"https:\/\/encuentroinformativo.com.mx\/index.php?rest_route=\/wp\/v2\/posts\/34960\/revisions"}],"predecessor-version":[{"id":34962,"href":"https:\/\/encuentroinformativo.com.mx\/index.php?rest_route=\/wp\/v2\/posts\/34960\/revisions\/34962"}],"wp:featuredmedia":[{"embeddable":true,"href":"https:\/\/encuentroinformativo.com.mx\/index.php?rest_route=\/wp\/v2\/media\/34961"}],"wp:attachment":[{"href":"https:\/\/encuentroinformativo.com.mx\/index.php?rest_route=%2Fwp%2Fv2%2Fmedia&parent=34960"}],"wp:term":[{"taxonomy":"category","embeddable":true,"href":"https:\/\/encuentroinformativo.com.mx\/index.php?rest_route=%2Fwp%2Fv2%2Fcategories&post=34960"},{"taxonomy":"post_tag","embeddable":true,"href":"https:\/\/encuentroinformativo.com.mx\/index.php?rest_route=%2Fwp%2Fv2%2Ftags&post=34960"}],"curies":[{"name":"wp","href":"https:\/\/api.w.org\/{rel}","templated":true}]}}