{"id":34966,"date":"2022-12-31T16:09:02","date_gmt":"2022-12-31T22:09:02","guid":{"rendered":"https:\/\/encuentroinformativo.com.mx\/?p=34966"},"modified":"2022-12-31T16:09:53","modified_gmt":"2022-12-31T22:09:53","slug":"proximo-ano-sera-dificil-en-materia-electoral-padre-beristain","status":"publish","type":"post","link":"https:\/\/encuentroinformativo.com.mx\/?p=34966","title":{"rendered":"Pr\u00f3ximo a\u00f1o ser\u00e1 dif\u00edcil en materia electoral: Padre Beristain"},"content":{"rendered":"\n<p><strong>Dar\u00edo Pale <\/strong><\/p>\n\n\n\n<p>Xalapa, Ver.- El padre Juan Berinst\u00e1in de los Santos pr\u00f3ximo vocero de la Arquidi\u00f3cesis de Xalapa se\u00f1al\u00f3 que el 2023, ser\u00e1 un a\u00f1o electoral dif\u00edcil, &#8220;pero buscaremos tener participaci\u00f3n&#8221;.<\/p>\n\n\n\n<p>En entrevista se\u00f1al\u00f3 que ante el inminente arranque de los procesos electorales en el 2023, augur\u00f3 que ser\u00e1 un a\u00f1o dif\u00edcil, sin embargo, buscar\u00e1n tener participaci\u00f3n en todos los sectores de la sociedad.<\/p>\n\n\n\n<p>&#8220;Yo creo que ser\u00e1 un a\u00f1o muy dif\u00edcil, sin embargo, no hay momentos en los que no podamos participar en todos los campos de la sociedad&#8221;, se\u00f1al\u00f3.<\/p>\n\n\n\n<p>Manifest\u00f3 que siempre la llegada de un a\u00f1o nuevo brinda esperanza y se debe agradecer lo vivido en el a\u00f1o que se deja.<\/p>\n\n\n\n<p>&#8220;En este 2023 aunque la vida humana tiene incidencias pol\u00edticas, sociales, econ\u00f3micas, tambi\u00e9n espirituales y en la parte espiritual creemos que podemos salir adelante si nos unimos, si caminamos juntos, si todos participamos&#8221;, coment\u00f3.<\/p>\n\n\n\n<p>Berinst\u00e1in de los Santos expres\u00f3 que ahora que tomar\u00e1 la coordinaci\u00f3n de Comunicaci\u00f3n Social de la Arquidi\u00f3cesis, continuar\u00e1 el trabajo sistematizado que deja el padre Jos\u00e9 Manuel Suazo.<\/p>\n\n\n\n<p>&#8220;Hay que darle continuidad a este trabajo y ponernos a las \u00f3rdenes y al servicio de lo que haya que comunicar de parte de la feligres\u00eda cat\u00f3lica&#8221;, dijo.<\/p>\n\n\n\n<p>Finalmente el nuevo vocero dijo que m\u00e1s que continuar con la visi\u00f3n cr\u00edtica de Suazo Reyes frente a los gobiernos de la 4T, respondi\u00f3 que la fe en Jesucristo tiene una dimensi\u00f3n prof\u00e9tica, de anunciar la esperanza y de hacer un an\u00e1lisis muy meditado y concienzudo para decir una palabra.<\/p>\n","protected":false},"excerpt":{"rendered":"<p>Dar\u00edo Pale Xalapa, Ver.- El padre Juan Berinst\u00e1in de los Santos pr\u00f3ximo vocero de la Arquidi\u00f3cesis de Xalapa se\u00f1al\u00f3 que el 2023, ser\u00e1 un a\u00f1o electoral dif\u00edcil, &#8220;pero buscaremos tener participaci\u00f3n&#8221;. En entrevista se\u00f1al\u00f3 que ante el inminente arranque de los procesos electorales en el 2023, augur\u00f3 que ser\u00e1 un a\u00f1o dif\u00edcil, sin embargo, buscar\u00e1n [&hellip;]<\/p>\n","protected":false},"author":2476,"featured_media":34968,"comment_status":"open","ping_status":"open","sticky":false,"template":"","format":"standard","meta":{"_jetpack_memberships_contains_paid_content":false,"footnotes":""},"categories":[3],"tags":[],"class_list":["post-34966","post","type-post","status-publish","format-standard","has-post-thumbnail","hentry","category-xalapa"],"jetpack_featured_media_url":"https:\/\/encuentroinformativo.com.mx\/wp-content\/uploads\/2022\/12\/IMG-20221231-WA0026.jpg","jetpack_sharing_enabled":true,"jetpack_likes_enabled":true,"amp_enabled":true,"_links":{"self":[{"href":"https:\/\/encuentroinformativo.com.mx\/index.php?rest_route=\/wp\/v2\/posts\/34966","targetHints":{"allow":["GET"]}}],"collection":[{"href":"https:\/\/encuentroinformativo.com.mx\/index.php?rest_route=\/wp\/v2\/posts"}],"about":[{"href":"https:\/\/encuentroinformativo.com.mx\/index.php?rest_route=\/wp\/v2\/types\/post"}],"author":[{"embeddable":true,"href":"https:\/\/encuentroinformativo.com.mx\/index.php?rest_route=\/wp\/v2\/users\/2476"}],"replies":[{"embeddable":true,"href":"https:\/\/encuentroinformativo.com.mx\/index.php?rest_route=%2Fwp%2Fv2%2Fcomments&post=34966"}],"version-history":[{"count":1,"href":"https:\/\/encuentroinformativo.com.mx\/index.php?rest_route=\/wp\/v2\/posts\/34966\/revisions"}],"predecessor-version":[{"id":34967,"href":"https:\/\/encuentroinformativo.com.mx\/index.php?rest_route=\/wp\/v2\/posts\/34966\/revisions\/34967"}],"wp:featuredmedia":[{"embeddable":true,"href":"https:\/\/encuentroinformativo.com.mx\/index.php?rest_route=\/wp\/v2\/media\/34968"}],"wp:attachment":[{"href":"https:\/\/encuentroinformativo.com.mx\/index.php?rest_route=%2Fwp%2Fv2%2Fmedia&parent=34966"}],"wp:term":[{"taxonomy":"category","embeddable":true,"href":"https:\/\/encuentroinformativo.com.mx\/index.php?rest_route=%2Fwp%2Fv2%2Fcategories&post=34966"},{"taxonomy":"post_tag","embeddable":true,"href":"https:\/\/encuentroinformativo.com.mx\/index.php?rest_route=%2Fwp%2Fv2%2Ftags&post=34966"}],"curies":[{"name":"wp","href":"https:\/\/api.w.org\/{rel}","templated":true}]}}