{"id":3497,"date":"2020-06-19T17:48:05","date_gmt":"2020-06-19T22:48:05","guid":{"rendered":"https:\/\/encuentroinformativo.com\/?p=3497"},"modified":"2020-06-19T17:48:08","modified_gmt":"2020-06-19T22:48:08","slug":"hoteleros-intentan-evitar-despido-de-personal","status":"publish","type":"post","link":"https:\/\/encuentroinformativo.com.mx\/?p=3497","title":{"rendered":"Hoteleros intentan evitar despido de personal"},"content":{"rendered":"\n<p><strong>Juan Arcos <\/strong><\/p>\n\n\n\n<p>Xalapa, Ver.- Algunos hoteleros de la regi\u00f3n capital no han recortado su plantilla para no afectar a sus trabajadores.<\/p>\n\n\n\n<p>Tal es el caso del Gran <em>Hotel Xalapa, <\/em>ubicado entre las calles Guadalupe Victoria, Anastacio Bustamante y Manlio Fabio Altamirano, en la zona del parque Los Tecajetes.<\/p>\n\n\n\n<p>La gerente de la Operadora de Hoteles Xalapa-Chachalacas, Svaydee Beatriz Sayago Gonz\u00e1lez, indic\u00f3 que a pesar de las afectaciones econ\u00f3micas que ha dejado el cierre de estos establecimiento, por la pandemia del Covid-19, no ha habido despidos de personal.<\/p>\n\n\n\n<p>\u201cSabemos que no ser\u00e1 f\u00e1cil, pero trabajaremos con compromiso, estamos ofreciendo el 20 por ciento de descuento en el men\u00fa diario y ofreceremos paquetes de hospedaje, en apoyo a nuestros clientes. Estamos seguros que nos recuperaremos econ\u00f3micamente\u201d.<\/p>\n\n\n\n<p>La entrevistada coment\u00f3 que esperan recuperar sus finanzas con la reactivaci\u00f3n parcial de los hoteles.<\/p>\n\n\n\n<p>Cabe recordar que autoridades de la Secretar\u00eda de Salud de Veracruz informaron que hoteles y restaurantes en la entidad podr\u00edan operar solo al 25 por ciento de su ocupaci\u00f3n durante esta contingencia sanitaria.<\/p>\n\n\n\n<p>Sayago Gonz\u00e1lez refiri\u00f3 que al reactivarse el 25 por ciento de su ocupaci\u00f3n, la venta de comida a domicilio y el 10 por ciento de la operaci\u00f3n en su restaurante, podr\u00eda mejorar la situaci\u00f3n econ\u00f3mica del lugar.<\/p>\n\n\n\n<p><\/p>\n","protected":false},"excerpt":{"rendered":"<p>Juan Arcos Xalapa, Ver.- Algunos hoteleros de la regi\u00f3n capital no han recortado su plantilla para no afectar a sus trabajadores. Tal es el caso del Gran Hotel Xalapa, ubicado entre las calles Guadalupe Victoria, Anastacio Bustamante y Manlio Fabio Altamirano, en la zona del parque Los Tecajetes. La gerente de la Operadora de Hoteles [&hellip;]<\/p>\n","protected":false},"author":1,"featured_media":3498,"comment_status":"open","ping_status":"open","sticky":false,"template":"","format":"standard","meta":{"_jetpack_memberships_contains_paid_content":false,"footnotes":""},"categories":[3],"tags":[],"class_list":["post-3497","post","type-post","status-publish","format-standard","has-post-thumbnail","hentry","category-xalapa"],"jetpack_featured_media_url":"https:\/\/encuentroinformativo.com.mx\/wp-content\/uploads\/2020\/06\/3A294E38-0E59-4BDD-BDD4-F1AFA7D04715.jpeg","jetpack_sharing_enabled":true,"jetpack_likes_enabled":true,"amp_enabled":true,"_links":{"self":[{"href":"https:\/\/encuentroinformativo.com.mx\/index.php?rest_route=\/wp\/v2\/posts\/3497","targetHints":{"allow":["GET"]}}],"collection":[{"href":"https:\/\/encuentroinformativo.com.mx\/index.php?rest_route=\/wp\/v2\/posts"}],"about":[{"href":"https:\/\/encuentroinformativo.com.mx\/index.php?rest_route=\/wp\/v2\/types\/post"}],"author":[{"embeddable":true,"href":"https:\/\/encuentroinformativo.com.mx\/index.php?rest_route=\/wp\/v2\/users\/1"}],"replies":[{"embeddable":true,"href":"https:\/\/encuentroinformativo.com.mx\/index.php?rest_route=%2Fwp%2Fv2%2Fcomments&post=3497"}],"version-history":[{"count":1,"href":"https:\/\/encuentroinformativo.com.mx\/index.php?rest_route=\/wp\/v2\/posts\/3497\/revisions"}],"predecessor-version":[{"id":3499,"href":"https:\/\/encuentroinformativo.com.mx\/index.php?rest_route=\/wp\/v2\/posts\/3497\/revisions\/3499"}],"wp:featuredmedia":[{"embeddable":true,"href":"https:\/\/encuentroinformativo.com.mx\/index.php?rest_route=\/wp\/v2\/media\/3498"}],"wp:attachment":[{"href":"https:\/\/encuentroinformativo.com.mx\/index.php?rest_route=%2Fwp%2Fv2%2Fmedia&parent=3497"}],"wp:term":[{"taxonomy":"category","embeddable":true,"href":"https:\/\/encuentroinformativo.com.mx\/index.php?rest_route=%2Fwp%2Fv2%2Fcategories&post=3497"},{"taxonomy":"post_tag","embeddable":true,"href":"https:\/\/encuentroinformativo.com.mx\/index.php?rest_route=%2Fwp%2Fv2%2Ftags&post=3497"}],"curies":[{"name":"wp","href":"https:\/\/api.w.org\/{rel}","templated":true}]}}