{"id":34984,"date":"2023-01-01T15:16:58","date_gmt":"2023-01-01T21:16:58","guid":{"rendered":"https:\/\/encuentroinformativo.com.mx\/?p=34984"},"modified":"2023-01-01T15:17:02","modified_gmt":"2023-01-01T21:17:02","slug":"cierres-y-comienzos","status":"publish","type":"post","link":"https:\/\/encuentroinformativo.com.mx\/?p=34984","title":{"rendered":"Cierres y comienzos"},"content":{"rendered":"\n<p><strong>Columna de Opini\u00f3n<\/strong><\/p>\n\n\n\n<p><strong>Zaira Rosas<br><\/strong><br>Qued\u00f3 atr\u00e1s el 2022, un a\u00f1o donde la sombra del Covid persiste, donde una parte del mundo estaba en guerra, pero tambi\u00e9n fue el a\u00f1o de reabrir puertas e intentar regresar a la normalidad en cada uno de los rubros de la vida. Con la despedida de este a\u00f1o comienza otro, donde la esperanza quiere lograr mayor espacio,<br>record\u00e1ndonos como cada nuevo ciclo, que la vida est\u00e1 llena de oportunidades.<\/p>\n\n\n\n<p>Todos nuestros errores del pasado pueden verse desde nuevas \u00f3pticas, tener un poco de optimismo, empat\u00eda y solidaridad es un punto clave para reconocer que el 2023 puede cambiar nuestras vidas. Y vaya que el cambio es necesario en m\u00faltiples aspectos, sociales, econ\u00f3micos, pol\u00edticos e incluso emocionales.<\/p>\n\n\n\n<p>Despu\u00e9s de 3 a\u00f1os luchando contra lo desconocido llega un atisbo de claridad<br>respecto al comportamiento del virus que tanto transform\u00f3 nuestro ritmo en el<br>pasado, llegan nuevos retos, pero tambi\u00e9n noticias que alegran.<\/p>\n\n\n\n<p>2022 se llen\u00f3 de avances cient\u00edficos, cambios positivos y acciones que nos hacen<br>ver como dice el periodista Kiko Llaneras que el mundo no empeora, mejora. Sin<br>duda las \u00e1reas de oportunidad persisten, pero comenzar un 2023 centr\u00e1ndonos en<br>lo bueno que ha ocurrido nos permite ver que los cambios son posibles, que hay<br>muchas personas interesadas en aportar algo grande al mundo y que todos<br>podemos ser parte de esta mejor\u00eda desde nuestros espacios de acci\u00f3n.<\/p>\n\n\n\n<p>Quiz\u00e1s seas de los que piensa que cada d\u00eda estamos peor, que no tenemos rumbo y nos estamos acabando los recursos naturales que la tierra nos ofrece.<\/p>\n\n\n\n<p>Esto \u00faltimo es cierto, igual que es real que hay personas ejerciendo un activismo a favor del cuidado de las especies, que han ayudado a la reproducci\u00f3n de plantas y animales, promueven el conocimiento sobre los espacios protegidos e incluso cuando tenemos noci\u00f3n m\u00e1s clara del impacto de nuestras acciones, un gran porcentaje de personas act\u00faa con m\u00e1s consciencia.<br>Pese a que podr\u00edamos hablar de que en algunos pa\u00edses por cultura y religi\u00f3n a las mujeres se les ha prohibido estudiar, tambi\u00e9n es necesario reconocer que de manera global cada vez m\u00e1s ni\u00f1as y ni\u00f1os acaban la escuela. La estad\u00edstica de<br>quienes completan la primaria en comparaci\u00f3n con el 2000 ha crecido de 82% al 90%. La mortandad infantil tambi\u00e9n se redujo casi a la mitad.<\/p>\n\n\n\n<p>Otro dato destacable en la ciencia es la aparici\u00f3n de vacunas, las que van contra la covid-19 previnieron en el mundo casi 20 millones de muertes. Adicional a esto conviene destacar que se siguen elaborando propuestas para combatir otras enfermedades, que hay investigaciones que analizan el comportamiento de las<br>c\u00e9lulas cancer\u00edgenas, para lograr encontrar sus puntos d\u00e9biles y generar tratamientos que den esperanza a mediante la inmunoterapia.<\/p>\n\n\n\n<p>En temas de salud podr\u00edamos aplaudir avances con implantes que han dado posibilidad de movimiento a personas parapl\u00e9jicas, disminuci\u00f3n de enfermedades, nuevos tratamientos para la obesidad e incluso la visibilidad que est\u00e1 teniendo la salud mental, para que logremos vernos como seres integrales.<\/p>\n\n\n\n<p>Pese a la pandemia, en comparaci\u00f3n con d\u00e9cadas atr\u00e1s. S\u00ed disminuy\u00f3 la pobreza extrema y se increment\u00f3 la igualdad, nuevamente reitero que hay tarea pendiente, misma a la que todas las personas podemos sumarnos, desde lo m\u00e1s b\u00e1sico como considerar nuestra expresi\u00f3n cotidiana, \u00bfNombramos todo lo que existe o<br>generalizamos?, las palabras tambi\u00e9n importan.<br>M\u00e9xico fue uno de los pa\u00edses donde quiz\u00e1s hubo un retroceso econ\u00f3mico, sin embargo, gracias a las pol\u00edticas p\u00fablicas, s\u00ed se fren\u00f3 el impacto principalmente en quienes tienen menos recursos. El 2023 llega con grandes retos en nuestro pa\u00eds, invit\u00e1ndonos menos a la cr\u00edtica sin construcci\u00f3n, a sumar esfuerzos sin distinci\u00f3n y<br>sobre todo record\u00e1ndonos que vamos sobre un mismo equipo que es nuestro pa\u00eds. Comenzar\u00e1n propuestas electorales con mayor intensidad, exijamos que estas busquen la uni\u00f3n y que todo el tiempo, recursos y esfuerzo que invierten en<br>la b\u00fasqueda de adeptos, sea invertido en conocimiento con propuestas para la<br>mejora de nuestra naci\u00f3n.<\/p>\n\n\n\n<p>Hoy Brasil tambi\u00e9n comienza un nuevo episodio en su historia, ah\u00ed hemos de prestar atenci\u00f3n pues se suma a la lista de pa\u00edses que apuesta por una izquierda con toda la esperanza en un pa\u00eds m\u00e1s equitativo. Pr\u00f3ximamente Am\u00e9rica Latina<br>pasar\u00e1 a los libros de historia habl\u00e1ndonos de nuevos movimientos, ideolog\u00edas y transformaci\u00f3n o de fracasos por la oposici\u00f3n al sistema, pero de momento este s\u00f3lo es el principio de una nueva era.<\/p>\n","protected":false},"excerpt":{"rendered":"<p>Columna de Opini\u00f3n Zaira RosasQued\u00f3 atr\u00e1s el 2022, un a\u00f1o donde la sombra del Covid persiste, donde una parte del mundo estaba en guerra, pero tambi\u00e9n fue el a\u00f1o de reabrir puertas e intentar regresar a la normalidad en cada uno de los rubros de la vida. Con la despedida de este a\u00f1o comienza otro, [&hellip;]<\/p>\n","protected":false},"author":2476,"featured_media":387,"comment_status":"open","ping_status":"open","sticky":false,"template":"","format":"standard","meta":{"_jetpack_memberships_contains_paid_content":false,"footnotes":""},"categories":[11],"tags":[],"class_list":["post-34984","post","type-post","status-publish","format-standard","has-post-thumbnail","hentry","category-opinion"],"jetpack_featured_media_url":"https:\/\/encuentroinformativo.com.mx\/wp-content\/uploads\/2020\/03\/7CF8A22B-2764-47BE-8F7F-38FE9E5D6A2F.jpeg","jetpack_sharing_enabled":true,"jetpack_likes_enabled":true,"amp_enabled":true,"_links":{"self":[{"href":"https:\/\/encuentroinformativo.com.mx\/index.php?rest_route=\/wp\/v2\/posts\/34984","targetHints":{"allow":["GET"]}}],"collection":[{"href":"https:\/\/encuentroinformativo.com.mx\/index.php?rest_route=\/wp\/v2\/posts"}],"about":[{"href":"https:\/\/encuentroinformativo.com.mx\/index.php?rest_route=\/wp\/v2\/types\/post"}],"author":[{"embeddable":true,"href":"https:\/\/encuentroinformativo.com.mx\/index.php?rest_route=\/wp\/v2\/users\/2476"}],"replies":[{"embeddable":true,"href":"https:\/\/encuentroinformativo.com.mx\/index.php?rest_route=%2Fwp%2Fv2%2Fcomments&post=34984"}],"version-history":[{"count":1,"href":"https:\/\/encuentroinformativo.com.mx\/index.php?rest_route=\/wp\/v2\/posts\/34984\/revisions"}],"predecessor-version":[{"id":34985,"href":"https:\/\/encuentroinformativo.com.mx\/index.php?rest_route=\/wp\/v2\/posts\/34984\/revisions\/34985"}],"wp:featuredmedia":[{"embeddable":true,"href":"https:\/\/encuentroinformativo.com.mx\/index.php?rest_route=\/wp\/v2\/media\/387"}],"wp:attachment":[{"href":"https:\/\/encuentroinformativo.com.mx\/index.php?rest_route=%2Fwp%2Fv2%2Fmedia&parent=34984"}],"wp:term":[{"taxonomy":"category","embeddable":true,"href":"https:\/\/encuentroinformativo.com.mx\/index.php?rest_route=%2Fwp%2Fv2%2Fcategories&post=34984"},{"taxonomy":"post_tag","embeddable":true,"href":"https:\/\/encuentroinformativo.com.mx\/index.php?rest_route=%2Fwp%2Fv2%2Ftags&post=34984"}],"curies":[{"name":"wp","href":"https:\/\/api.w.org\/{rel}","templated":true}]}}