{"id":34989,"date":"2023-01-01T15:27:28","date_gmt":"2023-01-01T21:27:28","guid":{"rendered":"https:\/\/encuentroinformativo.com.mx\/?p=34989"},"modified":"2023-01-01T15:27:32","modified_gmt":"2023-01-01T21:27:32","slug":"todo-en-orden-en-boca-del-rio-tras-el-operativo-amanecer-alcalde-jm-unanue","status":"publish","type":"post","link":"https:\/\/encuentroinformativo.com.mx\/?p=34989","title":{"rendered":"Todo en orden en Boca del R\u00edo tras el operativo amanecer: Alcalde JM Un\u00e1nue"},"content":{"rendered":"\n<p><strong>*<em>Desde muy temprano se realizaron trabajos de limpieza para dejar una ciudad ordenada y limpia<\/em><\/strong>.<\/p>\n\n\n\n<p>Boca del R\u00edo, Ver.- Todas las \u00e1reas operativas del Ayuntamiento se mantuvieron en alerta y atentas durante la noche y madrugada del A\u00f1o Nuevo, para que todas las familias que disfrutan de Boca del R\u00edo lo hicieran con seguridad y orden, indic\u00f3 el Alcalde Juan Manuel Un\u00e1nue.<\/p>\n\n\n\n<p>\u201cUn operativo muy ordenado, saldo blanco afortunadamente, cientos de turistas y locales disfrutaron de este amanecer del primero de enero, iniciamos muy bien y con mucho orden\u201d.<\/p>\n\n\n\n<p>Como es tradici\u00f3n, miles de personas se concentraron en el bulevar Manuel \u00c1vila Camacho, quienes recibieron el primer amanecer del a\u00f1o, reuniendo a chicos y grandes, por lo que el Presidente Municipal decidi\u00f3 ampliar una hora m\u00e1s el horario de estancia, para el disfrute de todos.<\/p>\n\n\n\n<p>A partir de las ocho de la ma\u00f1ana las autoridades municipales invitaron a los asistentes a retirarse y con ello iniciar labores de limpieza.<\/p>\n\n\n\n<p>Destac\u00f3 que en el operativo participaron 150 elementos integrados por la Direcci\u00f3n de Gobernaci\u00f3n, Protecci\u00f3n Civil, Polic\u00eda Municipal, Tr\u00e1nsito Municipal y Comercio, sumando el apoyo de la Guardia Nacional, Polic\u00eda Naval, Fuerza Civil y Polic\u00eda Estatal.<\/p>\n\n\n\n<p>En el \u00faltimo reporte de la Direcci\u00f3n de Gobernaci\u00f3n se inform\u00f3 que en todos los puntos del bulevar Manuel \u00c1vila Camacho hubo orden y de la misma forma los ciudadanos se retiraron.<\/p>\n\n\n\n<p>Un\u00e1nue Abascal reconoci\u00f3 a todos los integrantes de la Direcci\u00f3n de Limpia P\u00fablica, quienes desde temprana hora se sumaron al operativo amanecer, para barrer y lavar las banquetas sin dejar de atender la zona tur\u00edstica independientemente de la recolecci\u00f3n domiciliaria que continu\u00f3 con normalidad.<\/p>\n\n\n\n<p>Con el bulevar limpio en cuesti\u00f3n de minutos las personas que gustan del deporte y las actividades al aire libre tuvieron la oportunidad de continuar con sus disciplinas en una zona en \u00f3ptimas condiciones.<\/p>\n\n\n\n<p>En entrevista con representantes de medios de comunicaci\u00f3n, el presidente municipal se dijo contento con los resultados que se han obtenido, resaltando que este primero de enero se cumple el primer a\u00f1o de su gobierno y que a\u00fan hay muchos planes por realizar en este segundo a\u00f1o de administraci\u00f3n.<\/p>\n\n\n\n<p>Por \u00faltimo, el Alcalde Juan Manuel Un\u00e1nue Abascal dese\u00f3 felicidad y dicha a los boque\u00f1os en este inicio del 2023, se\u00f1alando que ser\u00e1 un a\u00f1o de mucho trabajo, pero principalmente de continuar cumpliendo compromisos en beneficio de todos.<\/p>\n\n\n\n<figure class=\"wp-block-image size-large\"><img loading=\"lazy\" decoding=\"async\" width=\"1024\" height=\"682\" src=\"https:\/\/encuentroinformativo.com.mx\/wp-content\/uploads\/2023\/01\/IMG-20230101-WA0016-1024x682.jpg\" alt=\"\" class=\"wp-image-34991\" srcset=\"https:\/\/encuentroinformativo.com.mx\/wp-content\/uploads\/2023\/01\/IMG-20230101-WA0016-1024x682.jpg 1024w, https:\/\/encuentroinformativo.com.mx\/wp-content\/uploads\/2023\/01\/IMG-20230101-WA0016-300x200.jpg 300w, https:\/\/encuentroinformativo.com.mx\/wp-content\/uploads\/2023\/01\/IMG-20230101-WA0016-768x512.jpg 768w, https:\/\/encuentroinformativo.com.mx\/wp-content\/uploads\/2023\/01\/IMG-20230101-WA0016.jpg 1280w\" sizes=\"auto, (max-width: 1024px) 100vw, 1024px\" \/><\/figure>\n","protected":false},"excerpt":{"rendered":"<p>*Desde muy temprano se realizaron trabajos de limpieza para dejar una ciudad ordenada y limpia. Boca del R\u00edo, Ver.- Todas las \u00e1reas operativas del Ayuntamiento se mantuvieron en alerta y atentas durante la noche y madrugada del A\u00f1o Nuevo, para que todas las familias que disfrutan de Boca del R\u00edo lo hicieran con seguridad y [&hellip;]<\/p>\n","protected":false},"author":2476,"featured_media":34990,"comment_status":"open","ping_status":"open","sticky":false,"template":"","format":"standard","meta":{"_jetpack_memberships_contains_paid_content":false,"footnotes":""},"categories":[2],"tags":[],"class_list":["post-34989","post","type-post","status-publish","format-standard","has-post-thumbnail","hentry","category-estado"],"jetpack_featured_media_url":"https:\/\/encuentroinformativo.com.mx\/wp-content\/uploads\/2023\/01\/IMG-20230101-WA0019.jpg","jetpack_sharing_enabled":true,"jetpack_likes_enabled":true,"amp_enabled":true,"_links":{"self":[{"href":"https:\/\/encuentroinformativo.com.mx\/index.php?rest_route=\/wp\/v2\/posts\/34989","targetHints":{"allow":["GET"]}}],"collection":[{"href":"https:\/\/encuentroinformativo.com.mx\/index.php?rest_route=\/wp\/v2\/posts"}],"about":[{"href":"https:\/\/encuentroinformativo.com.mx\/index.php?rest_route=\/wp\/v2\/types\/post"}],"author":[{"embeddable":true,"href":"https:\/\/encuentroinformativo.com.mx\/index.php?rest_route=\/wp\/v2\/users\/2476"}],"replies":[{"embeddable":true,"href":"https:\/\/encuentroinformativo.com.mx\/index.php?rest_route=%2Fwp%2Fv2%2Fcomments&post=34989"}],"version-history":[{"count":1,"href":"https:\/\/encuentroinformativo.com.mx\/index.php?rest_route=\/wp\/v2\/posts\/34989\/revisions"}],"predecessor-version":[{"id":34992,"href":"https:\/\/encuentroinformativo.com.mx\/index.php?rest_route=\/wp\/v2\/posts\/34989\/revisions\/34992"}],"wp:featuredmedia":[{"embeddable":true,"href":"https:\/\/encuentroinformativo.com.mx\/index.php?rest_route=\/wp\/v2\/media\/34990"}],"wp:attachment":[{"href":"https:\/\/encuentroinformativo.com.mx\/index.php?rest_route=%2Fwp%2Fv2%2Fmedia&parent=34989"}],"wp:term":[{"taxonomy":"category","embeddable":true,"href":"https:\/\/encuentroinformativo.com.mx\/index.php?rest_route=%2Fwp%2Fv2%2Fcategories&post=34989"},{"taxonomy":"post_tag","embeddable":true,"href":"https:\/\/encuentroinformativo.com.mx\/index.php?rest_route=%2Fwp%2Fv2%2Ftags&post=34989"}],"curies":[{"name":"wp","href":"https:\/\/api.w.org\/{rel}","templated":true}]}}