{"id":35012,"date":"2023-01-02T16:30:59","date_gmt":"2023-01-02T22:30:59","guid":{"rendered":"https:\/\/encuentroinformativo.com.mx\/?p=35012"},"modified":"2023-01-02T16:31:03","modified_gmt":"2023-01-02T22:31:03","slug":"funcionarios-estaban-involucrados-con-delincuencia-acusa-gobernador","status":"publish","type":"post","link":"https:\/\/encuentroinformativo.com.mx\/?p=35012","title":{"rendered":"Funcionarios estaban involucrados con delincuencia, acusa Gobernador"},"content":{"rendered":"\n<p><strong>Dar\u00edo Pale<\/strong><\/p>\n\n\n\n<p>Xalapa, Ver.- Cr\u00edmenes de autoridades de Omealca, Tezonapa y Rafael Delgado, relacionados con delincuencia organizada, por lo que solicit\u00f3 a las autoridades de la regi\u00f3n centro dejen de vincularse con el crimen organizado y m\u00e1s bien, ayuden al Gobierno, as\u00ed lo coment\u00f3 el gobernador del estado Cuitl\u00e1huac Garc\u00eda Jim\u00e9nez.<\/p>\n\n\n\n<p>En conferencia de prensa, adelant\u00f3 tambi\u00e9n que los cr\u00edmenes ocurridos este domingo en C\u00f3rdoba, donde fueron hallados cuatro cuerpos, podr\u00edan tambi\u00e9n tener una relaci\u00f3n directa.<\/p>\n\n\n\n<p>Hay que recordar que el pasado 6 de diciembre fue asesinado el s\u00edndico del municipio de Omealca, Miguel Tinoco Garc\u00eda, su cuerpo apareci\u00f3 en cultivos de ca\u00f1a a un costado de la carretera Amatl\u00e1n-Cuichapa.<\/p>\n\n\n\n<p>Posteriormente, el pasado 31 de diciembre fue asesinado el tesorero del municipio de Tezonapa, Salvador N, hechos en donde adem\u00e1s resultaron heridas dos mujeres con las que viajaba, al parecer se trat\u00f3 de un asalto.<\/p>\n\n\n\n<p>Asimismo, el pasado 31 del mes pasado fue asesinado el alcalde Rafael Delgado, Isauro &#8220;N&#8221;, en un ataque armado en su contra desde un veh\u00edculo, disparando en su contra en varias ocasiones, por lo que perdi\u00f3 la vida en el lugar.<\/p>\n\n\n\n<p>Mientras que este domingo cuatro personas fueron ejecutadas en calles del municipio de C\u00f3rdoba, en la colonia Los Filtros, mientras festejaban la llegada del a\u00f1o nuevo.<\/p>\n\n\n\n<p>&#8220;Se est\u00e1 avanzando, se tienen m\u00e1s indicios, pero se tiene que actuar con secrec\u00eda, porque pudiera tener relaci\u00f3n con el homicidio del alcalde de Rafael Delgado y el s\u00edndico de Omealca&#8221;, se\u00f1al\u00f3.<\/p>\n\n\n\n<p>&#8220;Podr\u00eda haber una l\u00ednea que conecta a estos tres homicidios y yo aqu\u00ed lo hab\u00eda comentado, en esa regi\u00f3n se han detenido a los cabecillas, que hay una disputa de los que entran por Oaxaca hacia esa regi\u00f3n y los que tienen ya su lugar de actuaci\u00f3n en C\u00f3rdoba&#8221;, agreg\u00f3.<\/p>\n\n\n\n<p>El Mandatario coment\u00f3 que los grupos delictivos de toda esa zona est\u00e1n haciendo una &#8220;reestructuraci\u00f3n&#8221; al conocer que ya est\u00e1n detenidos los jefes de las bandas.<\/p>\n\n\n\n<p>&#8220;Hay una reestructuraci\u00f3n, desde una nueva pelea con nuevos actores que podr\u00edan estar ligados con los de Tezonapa y otros que est\u00e1n en disputa interna y podr\u00edan estar ligados con los de Cordoba&#8221;, coment\u00f3.<\/p>\n\n\n\n<p>Garc\u00eda Jim\u00e9nez sostuvo que en esa zona existen &#8220;rencillas&#8221; por lo que encontraron el &#8220;hilo conductor&#8221; de esas al interior.<\/p>\n\n\n\n<p>Fue ah\u00ed donde reiter\u00f3 que era muy lamentable que algunos actores pol\u00edticos del nivel municipal entraran en contacto con la delincuencia organizada y que seguramente se iban a ver las consecuencias.<\/p>\n\n\n\n<p>&#8220;Y miren ah\u00ed est\u00e1n las consecuencias, entonces ojal\u00e1 y esto ya no se ignore mas, que como lo dijo la Fiscal, vamos a hacer justicia porque no vamos a permitir&#8230; pero tambi\u00e9n necesitamos la colaboraci\u00f3n de las autoridades municipales de esa regi\u00f3n&#8221;, inform\u00f3.<\/p>\n\n\n\n<p>Finalmente en ese sentido, pidi\u00f3 a las autoridades municipales de toda esa regi\u00f3n del centro del Estado que por favor ya no se involucren m\u00e1s con la delincuencia organizada, por lo que la petici\u00f3n es que se pongan del lado del Gobierno para trabajar juntos y den con aquellos que est\u00e1n operando en esa zona.<\/p>\n","protected":false},"excerpt":{"rendered":"<p>Dar\u00edo Pale Xalapa, Ver.- Cr\u00edmenes de autoridades de Omealca, Tezonapa y Rafael Delgado, relacionados con delincuencia organizada, por lo que solicit\u00f3 a las autoridades de la regi\u00f3n centro dejen de vincularse con el crimen organizado y m\u00e1s bien, ayuden al Gobierno, as\u00ed lo coment\u00f3 el gobernador del estado Cuitl\u00e1huac Garc\u00eda Jim\u00e9nez. En conferencia de prensa, [&hellip;]<\/p>\n","protected":false},"author":2476,"featured_media":35013,"comment_status":"open","ping_status":"open","sticky":false,"template":"","format":"standard","meta":{"_jetpack_memberships_contains_paid_content":false,"footnotes":""},"categories":[2],"tags":[],"class_list":["post-35012","post","type-post","status-publish","format-standard","has-post-thumbnail","hentry","category-estado"],"jetpack_featured_media_url":"https:\/\/encuentroinformativo.com.mx\/wp-content\/uploads\/2023\/01\/IMG-20230102-WA0052.jpg","jetpack_sharing_enabled":true,"jetpack_likes_enabled":true,"amp_enabled":true,"_links":{"self":[{"href":"https:\/\/encuentroinformativo.com.mx\/index.php?rest_route=\/wp\/v2\/posts\/35012","targetHints":{"allow":["GET"]}}],"collection":[{"href":"https:\/\/encuentroinformativo.com.mx\/index.php?rest_route=\/wp\/v2\/posts"}],"about":[{"href":"https:\/\/encuentroinformativo.com.mx\/index.php?rest_route=\/wp\/v2\/types\/post"}],"author":[{"embeddable":true,"href":"https:\/\/encuentroinformativo.com.mx\/index.php?rest_route=\/wp\/v2\/users\/2476"}],"replies":[{"embeddable":true,"href":"https:\/\/encuentroinformativo.com.mx\/index.php?rest_route=%2Fwp%2Fv2%2Fcomments&post=35012"}],"version-history":[{"count":1,"href":"https:\/\/encuentroinformativo.com.mx\/index.php?rest_route=\/wp\/v2\/posts\/35012\/revisions"}],"predecessor-version":[{"id":35014,"href":"https:\/\/encuentroinformativo.com.mx\/index.php?rest_route=\/wp\/v2\/posts\/35012\/revisions\/35014"}],"wp:featuredmedia":[{"embeddable":true,"href":"https:\/\/encuentroinformativo.com.mx\/index.php?rest_route=\/wp\/v2\/media\/35013"}],"wp:attachment":[{"href":"https:\/\/encuentroinformativo.com.mx\/index.php?rest_route=%2Fwp%2Fv2%2Fmedia&parent=35012"}],"wp:term":[{"taxonomy":"category","embeddable":true,"href":"https:\/\/encuentroinformativo.com.mx\/index.php?rest_route=%2Fwp%2Fv2%2Fcategories&post=35012"},{"taxonomy":"post_tag","embeddable":true,"href":"https:\/\/encuentroinformativo.com.mx\/index.php?rest_route=%2Fwp%2Fv2%2Ftags&post=35012"}],"curies":[{"name":"wp","href":"https:\/\/api.w.org\/{rel}","templated":true}]}}