{"id":35018,"date":"2023-01-02T13:51:47","date_gmt":"2023-01-02T19:51:47","guid":{"rendered":"https:\/\/encuentroinformativo.com.mx\/?p=35018"},"modified":"2023-01-03T01:56:29","modified_gmt":"2023-01-03T07:56:29","slug":"aumento-retorno-de-veracruzanos-de-eeuu","status":"publish","type":"post","link":"https:\/\/encuentroinformativo.com.mx\/?p=35018","title":{"rendered":"Aument\u00f3 retorno de veracruzanos de EEUU"},"content":{"rendered":"\n<p><strong>Juan Arcos <\/strong><\/p>\n\n\n\n<p>Xalapa, Ver.- En las \u00faltimas semanas del a\u00f1o 2022 aument\u00f3 el regreso de veracruzanos que hab\u00edan migrado a los pa\u00edses de Estados Unidos y Canad\u00e1, en busca de mejores oportunidades de trabajo.<\/p>\n\n\n\n<p>De acuerdo con el director general de Atenci\u00f3n a Migrantes en Veracruz, Carlos Enrique Escalante Igual, este fen\u00f3meno es com\u00fan cada fin de a\u00f1o.<br>El funcionario estatal indic\u00f3 que se trabaja de manera coordinada con el Instituto Nacional de Migraci\u00f3n (INM) para garantizar la seguridad de dichas personas.<\/p>\n\n\n\n<p>En ese sentido, fueron instalados tres m\u00f3dulos en las zonas norte, centro y sur de la entidad, con un mayor reforzamiento de medidas en los municipios de Nautla y Coatzacoalcos.<\/p>\n\n\n\n<p>\u201cLa intenci\u00f3n es que todos los mexicanos y principalmente los veracruzanos que van de regreso a sus casas, pues lo hagan con la mayor seguridad posible\u201d, enfatiz\u00f3.<\/p>\n\n\n\n<p>Escalante Igual refiri\u00f3 que se est\u00e1 brindando apoyo con la Secretar\u00eda de Seguridad P\u00fablica (SSP) y la Secretar\u00eda de Salud de Veracruz (SS).<\/p>\n\n\n\n<p>\u201cEn diciembre siempre se incrementa el flujo migratorio, tanto de retorno como de paso por el estado, es lo que estamos haciendo en la Direcci\u00f3n General de Atenci\u00f3n a Migrantes, siempre estar muy al pendiente de la atenci\u00f3n que se le tiene que dar a todos los migrantes, tanto nacionales como extranjeros\u201d, finaliz\u00f3 el funcionario.<\/p>\n","protected":false},"excerpt":{"rendered":"<p>Juan Arcos Xalapa, Ver.- En las \u00faltimas semanas del a\u00f1o 2022 aument\u00f3 el regreso de veracruzanos que hab\u00edan migrado a los pa\u00edses de Estados Unidos y Canad\u00e1, en busca de mejores oportunidades de trabajo. De acuerdo con el director general de Atenci\u00f3n a Migrantes en Veracruz, Carlos Enrique Escalante Igual, este fen\u00f3meno es com\u00fan cada [&hellip;]<\/p>\n","protected":false},"author":2476,"featured_media":35019,"comment_status":"open","ping_status":"open","sticky":false,"template":"","format":"standard","meta":{"_jetpack_memberships_contains_paid_content":false,"footnotes":""},"categories":[2],"tags":[],"class_list":["post-35018","post","type-post","status-publish","format-standard","has-post-thumbnail","hentry","category-estado"],"jetpack_featured_media_url":"https:\/\/encuentroinformativo.com.mx\/wp-content\/uploads\/2023\/01\/IMG_7966.jpg","jetpack_sharing_enabled":true,"jetpack_likes_enabled":true,"amp_enabled":true,"_links":{"self":[{"href":"https:\/\/encuentroinformativo.com.mx\/index.php?rest_route=\/wp\/v2\/posts\/35018","targetHints":{"allow":["GET"]}}],"collection":[{"href":"https:\/\/encuentroinformativo.com.mx\/index.php?rest_route=\/wp\/v2\/posts"}],"about":[{"href":"https:\/\/encuentroinformativo.com.mx\/index.php?rest_route=\/wp\/v2\/types\/post"}],"author":[{"embeddable":true,"href":"https:\/\/encuentroinformativo.com.mx\/index.php?rest_route=\/wp\/v2\/users\/2476"}],"replies":[{"embeddable":true,"href":"https:\/\/encuentroinformativo.com.mx\/index.php?rest_route=%2Fwp%2Fv2%2Fcomments&post=35018"}],"version-history":[{"count":1,"href":"https:\/\/encuentroinformativo.com.mx\/index.php?rest_route=\/wp\/v2\/posts\/35018\/revisions"}],"predecessor-version":[{"id":35020,"href":"https:\/\/encuentroinformativo.com.mx\/index.php?rest_route=\/wp\/v2\/posts\/35018\/revisions\/35020"}],"wp:featuredmedia":[{"embeddable":true,"href":"https:\/\/encuentroinformativo.com.mx\/index.php?rest_route=\/wp\/v2\/media\/35019"}],"wp:attachment":[{"href":"https:\/\/encuentroinformativo.com.mx\/index.php?rest_route=%2Fwp%2Fv2%2Fmedia&parent=35018"}],"wp:term":[{"taxonomy":"category","embeddable":true,"href":"https:\/\/encuentroinformativo.com.mx\/index.php?rest_route=%2Fwp%2Fv2%2Fcategories&post=35018"},{"taxonomy":"post_tag","embeddable":true,"href":"https:\/\/encuentroinformativo.com.mx\/index.php?rest_route=%2Fwp%2Fv2%2Ftags&post=35018"}],"curies":[{"name":"wp","href":"https:\/\/api.w.org\/{rel}","templated":true}]}}