{"id":3502,"date":"2020-06-20T12:32:30","date_gmt":"2020-06-20T17:32:30","guid":{"rendered":"https:\/\/encuentroinformativo.com\/?p=3502"},"modified":"2020-06-20T12:32:33","modified_gmt":"2020-06-20T17:32:33","slug":"promueven-generacion-de-cooperativismo-en-veracruz","status":"publish","type":"post","link":"https:\/\/encuentroinformativo.com.mx\/?p=3502","title":{"rendered":"Promueven generaci\u00f3n de cooperativismo en Veracruz"},"content":{"rendered":"\n<p><strong>Dar\u00edo Pale <\/strong><\/p>\n\n\n\n<p>Xalapa, Ver.- Israel Cruz Laureano director del Instituto para el Fomento de la Econom\u00eda Social y Solidaria, se\u00f1al\u00f3 que la finalidad de hacer cooperativas es para fomentar la econom\u00eda y apoyar a los pueblos originarios.<\/p>\n\n\n\n<p>En conferencia de prensa realizada en conocido caf\u00e9 del centro de Xalapa, dio a conocer que realizaron una firma de convenio de colaboraci\u00f3n de transferencia educativa e intercooperativas en el tema de educaci\u00f3n y de agroturismo en la pen\u00ednsula.<\/p>\n\n\n\n<p>La finalidad es transferir conocimientos acad\u00e9micos para la generaci\u00f3n del cooperativismo en el estado de Veracruz y buscar las formas de colaborar para que la econom\u00eda pueda crecer en el contexto del marco de la pandemia que se est\u00e1 viviendo.<\/p>\n\n\n\n<p>La cooperatividad se debe de ense\u00f1ar desde la primaria y secundaria ya que va m\u00e1s all\u00e1 del trabajo en equipo y se tiene que poner en practica a muy temprana edad, aunque por el momento se van a acercar a los sindicatos y a otras personas que est\u00e1n sufriendo econ\u00f3micamente por la pandemia.<\/p>\n\n\n\n<p>Lo que pretenden es que se bajen los costos, elevar la productividad, ayudar a los productores primarios, como lo son los artesanos y s\u00e9 que consuman los productos directos del productor y evitar coyotaje, principalmente con los pueblos originarios.<\/p>\n\n\n\n<p>Finalmente dio a conocer que va a buscar el comercio justo y adem\u00e1s saludable por lo que invitaron a todos aquellos que se quieran sumar a este proyecto est\u00e1n invitados.<\/p>\n\n\n\n<p><\/p>\n","protected":false},"excerpt":{"rendered":"<p>Dar\u00edo Pale Xalapa, Ver.- Israel Cruz Laureano director del Instituto para el Fomento de la Econom\u00eda Social y Solidaria, se\u00f1al\u00f3 que la finalidad de hacer cooperativas es para fomentar la econom\u00eda y apoyar a los pueblos originarios. En conferencia de prensa realizada en conocido caf\u00e9 del centro de Xalapa, dio a conocer que realizaron una [&hellip;]<\/p>\n","protected":false},"author":1,"featured_media":3503,"comment_status":"open","ping_status":"open","sticky":false,"template":"","format":"standard","meta":{"_jetpack_memberships_contains_paid_content":false,"footnotes":""},"categories":[2],"tags":[],"class_list":["post-3502","post","type-post","status-publish","format-standard","has-post-thumbnail","hentry","category-estado"],"jetpack_featured_media_url":"https:\/\/encuentroinformativo.com.mx\/wp-content\/uploads\/2020\/06\/3A2529CE-EB05-4013-A685-B30ABA55E52D.jpeg","jetpack_sharing_enabled":true,"jetpack_likes_enabled":true,"amp_enabled":true,"_links":{"self":[{"href":"https:\/\/encuentroinformativo.com.mx\/index.php?rest_route=\/wp\/v2\/posts\/3502","targetHints":{"allow":["GET"]}}],"collection":[{"href":"https:\/\/encuentroinformativo.com.mx\/index.php?rest_route=\/wp\/v2\/posts"}],"about":[{"href":"https:\/\/encuentroinformativo.com.mx\/index.php?rest_route=\/wp\/v2\/types\/post"}],"author":[{"embeddable":true,"href":"https:\/\/encuentroinformativo.com.mx\/index.php?rest_route=\/wp\/v2\/users\/1"}],"replies":[{"embeddable":true,"href":"https:\/\/encuentroinformativo.com.mx\/index.php?rest_route=%2Fwp%2Fv2%2Fcomments&post=3502"}],"version-history":[{"count":1,"href":"https:\/\/encuentroinformativo.com.mx\/index.php?rest_route=\/wp\/v2\/posts\/3502\/revisions"}],"predecessor-version":[{"id":3504,"href":"https:\/\/encuentroinformativo.com.mx\/index.php?rest_route=\/wp\/v2\/posts\/3502\/revisions\/3504"}],"wp:featuredmedia":[{"embeddable":true,"href":"https:\/\/encuentroinformativo.com.mx\/index.php?rest_route=\/wp\/v2\/media\/3503"}],"wp:attachment":[{"href":"https:\/\/encuentroinformativo.com.mx\/index.php?rest_route=%2Fwp%2Fv2%2Fmedia&parent=3502"}],"wp:term":[{"taxonomy":"category","embeddable":true,"href":"https:\/\/encuentroinformativo.com.mx\/index.php?rest_route=%2Fwp%2Fv2%2Fcategories&post=3502"},{"taxonomy":"post_tag","embeddable":true,"href":"https:\/\/encuentroinformativo.com.mx\/index.php?rest_route=%2Fwp%2Fv2%2Ftags&post=3502"}],"curies":[{"name":"wp","href":"https:\/\/api.w.org\/{rel}","templated":true}]}}