{"id":35021,"date":"2023-01-02T20:35:02","date_gmt":"2023-01-03T02:35:02","guid":{"rendered":"https:\/\/encuentroinformativo.com.mx\/?p=35021"},"modified":"2023-01-03T08:41:31","modified_gmt":"2023-01-03T14:41:31","slug":"reclaman-justicia-para-moises-sanchez","status":"publish","type":"post","link":"https:\/\/encuentroinformativo.com.mx\/?p=35021","title":{"rendered":"Reclaman justicia para Mois\u00e9s S\u00e1nchez"},"content":{"rendered":"\n<p><strong>Dar\u00edo Pale<\/strong><\/p>\n\n\n\n<p>Xalapa, Ver.- Jorge S\u00e1nchez hijo del periodista asesinado Mois\u00e9s S\u00e1nchez Cerezo realiz\u00f3 un acto simb\u00f3lico en la Fiscal\u00eda General del Estado (FGE), acus\u00f3 que ni la FGE ni FEADLE tienen inter\u00e9s de resolver casos de periodistas asesinados o desaparecidos.<\/p>\n\n\n\n<p>En entrevista record\u00f3 que un dos de enero del 2015 un comando armado de aproximadamente siete personas entraron al domicilio de su padre en Medell\u00edn de Bravo, se lo llevaron y posteriormente lo asesinaron.<\/p>\n\n\n\n<p>Motivo por el cual a ocho a\u00f1os de su muerte el d\u00eda de hoy en la FGE realiz\u00f3 un acto simb\u00f3lico, donde lament\u00f3 que esta situaci\u00f3n se repita y que no haya justicia tanto para el caso de su padre como para los dem\u00e1s periodistas que han sido asesinados.<\/p>\n\n\n\n<p>&#8220;Hoy estamos en la Fiscal\u00eda a hacer un acto simb\u00f3lico, lamentamos que esta situaci\u00f3n se repita, que no haya justicia tanto para el caso de mi padre como para el caso de los dem\u00e1s compa\u00f1eros que han sido asesinados&#8221;, coment\u00f3.<\/p>\n\n\n\n<p>Dio a conocer que los familiares de los periodistas asesinados se unieron en la Red en Memoria y Lucha de Periodistas Asesinados y Desaparecidos, justamente porque no ven la respuesta de las autoridades, sino al contrario, ven que hay una negativa de resolver los asuntos.<\/p>\n\n\n\n<p>Record\u00f3 que el presidente Andr\u00e9s Manuel L\u00f3pez Obrador dijo en una de sus tantas ma\u00f1aneras que ya no hab\u00eda impunidad, sin embargo, la pregunta entonces es \u00bfqu\u00e9 significan todas esas familias que siguen luchando?<\/p>\n\n\n\n<p>&#8220;Vemos que hay una negaci\u00f3n no s\u00e9 si ustedes recuerden, hace unas semanas o meses el presidente de la Rep\u00fablica Andr\u00e9s Manuel L\u00f3pez Obrador en una de las ma\u00f1aneras un periodista le pregunt\u00f3 justamente del caso de mi padre ah\u00ed en Medell\u00edn que el alcalde se encontraba pr\u00f3fugo, ya siete a\u00f1os en ese entonces y el presidente dijo que eso ya no pasaba y le pregunt\u00f3 sobre la impunidad y le dijo que ya no hay impunidad&#8221;, se\u00f1al\u00f3.<\/p>\n\n\n\n<p>En ese sentido, sostuvo que no han alcanzado la justicia y pidi\u00f3, a nombre de todos los comunicadores asesinados o desaparecidos, que se investigue lo que les sucedi\u00f3, se de con los responsables y se les castigue como se deber\u00eda en un pa\u00eds democr\u00e1tico.<\/p>\n\n\n\n<p>&#8220;Hoy a 8 a\u00f1os las investigaciones que tanto la Fiscal\u00eda local como las que est\u00e1n en la FEADLE, no han avanzado en nada, no hay un inter\u00e9s real y nosotros lo hemos expresado desde los primeros d\u00edas.<\/p>\n\n\n\n<p>No tiene que ver con la pol\u00edtica o los partidos, eso sucedi\u00f3 cuando estaba el partido rojo, luego el partido azul, las cosas siguieron igual y hoy con este partido no hay un cambio real, nosotros seguimos buscando justicia&#8221;, reproch\u00f3.<\/p>\n\n\n\n<p>Record\u00f3 las palabras del gobernador Cuitl\u00e1huac Garc\u00eda Jim\u00e9nez al inicio de su administraci\u00f3n quien se\u00f1al\u00f3 que si antes no hab\u00eda avances era porque estaba al frente de la Fiscal\u00eda un fiscal a modo del gobernador en turno, es decir, Javier Duarte, pero ahora han pasado ya varios a\u00f1os, ahora est\u00e1 al frentes Ver\u00f3nica Hern\u00e1ndez Giad\u00e1ns y los casos siguen en la impunidad.<\/p>\n\n\n\n<p>Coment\u00f3 que en el caso de su padre, hubo cuatro detenidos, sin embargo, solamente hay una persona sujeta a proceso, que fue uno de los autores materiales.<\/p>\n\n\n\n<p>En el caso de los dos polic\u00edas que fueron imputados por el delito de incumplimiento de un deber legal, se les modificaron las medidas cautelares y est\u00e1n fuera de prisi\u00f3n.<br>Mientras que el entonces alcalde de Medell\u00edn, Omar N, considerado el autor intelectual, sigue pr\u00f3fugo de la justicia.<\/p>\n\n\n\n<p>Detall\u00f3 que a la vivienda de Mois\u00e9s S\u00e1nchez entraron seis personas armadas, mientras uno estaba afuera y de esos solamente hay uno detenido.<\/p>\n\n\n\n<p>De todo esto la Fiscal\u00eda no les da ning\u00fan avance, solamente se han dedicado a llenar 38 tomos de pura &#8220;paja&#8221; y de env\u00edos de oficios entre dependencias.<\/p>\n\n\n\n<p>Finalmente record\u00f3 tambi\u00e9n que el ex escolta del exalcalde de Medell\u00edn, quien tambi\u00e9n fue detenido, est\u00e1 en libertad luego de lograr un amparo.<\/p>\n","protected":false},"excerpt":{"rendered":"<p>Dar\u00edo Pale Xalapa, Ver.- Jorge S\u00e1nchez hijo del periodista asesinado Mois\u00e9s S\u00e1nchez Cerezo realiz\u00f3 un acto simb\u00f3lico en la Fiscal\u00eda General del Estado (FGE), acus\u00f3 que ni la FGE ni FEADLE tienen inter\u00e9s de resolver casos de periodistas asesinados o desaparecidos. En entrevista record\u00f3 que un dos de enero del 2015 un comando armado de [&hellip;]<\/p>\n","protected":false},"author":2476,"featured_media":35022,"comment_status":"open","ping_status":"open","sticky":false,"template":"","format":"standard","meta":{"_jetpack_memberships_contains_paid_content":false,"footnotes":""},"categories":[2],"tags":[],"class_list":["post-35021","post","type-post","status-publish","format-standard","has-post-thumbnail","hentry","category-estado"],"jetpack_featured_media_url":"https:\/\/encuentroinformativo.com.mx\/wp-content\/uploads\/2023\/01\/IMG-20230102-WA0071.jpg","jetpack_sharing_enabled":true,"jetpack_likes_enabled":true,"amp_enabled":true,"_links":{"self":[{"href":"https:\/\/encuentroinformativo.com.mx\/index.php?rest_route=\/wp\/v2\/posts\/35021","targetHints":{"allow":["GET"]}}],"collection":[{"href":"https:\/\/encuentroinformativo.com.mx\/index.php?rest_route=\/wp\/v2\/posts"}],"about":[{"href":"https:\/\/encuentroinformativo.com.mx\/index.php?rest_route=\/wp\/v2\/types\/post"}],"author":[{"embeddable":true,"href":"https:\/\/encuentroinformativo.com.mx\/index.php?rest_route=\/wp\/v2\/users\/2476"}],"replies":[{"embeddable":true,"href":"https:\/\/encuentroinformativo.com.mx\/index.php?rest_route=%2Fwp%2Fv2%2Fcomments&post=35021"}],"version-history":[{"count":1,"href":"https:\/\/encuentroinformativo.com.mx\/index.php?rest_route=\/wp\/v2\/posts\/35021\/revisions"}],"predecessor-version":[{"id":35023,"href":"https:\/\/encuentroinformativo.com.mx\/index.php?rest_route=\/wp\/v2\/posts\/35021\/revisions\/35023"}],"wp:featuredmedia":[{"embeddable":true,"href":"https:\/\/encuentroinformativo.com.mx\/index.php?rest_route=\/wp\/v2\/media\/35022"}],"wp:attachment":[{"href":"https:\/\/encuentroinformativo.com.mx\/index.php?rest_route=%2Fwp%2Fv2%2Fmedia&parent=35021"}],"wp:term":[{"taxonomy":"category","embeddable":true,"href":"https:\/\/encuentroinformativo.com.mx\/index.php?rest_route=%2Fwp%2Fv2%2Fcategories&post=35021"},{"taxonomy":"post_tag","embeddable":true,"href":"https:\/\/encuentroinformativo.com.mx\/index.php?rest_route=%2Fwp%2Fv2%2Ftags&post=35021"}],"curies":[{"name":"wp","href":"https:\/\/api.w.org\/{rel}","templated":true}]}}