{"id":35026,"date":"2023-01-03T09:31:03","date_gmt":"2023-01-03T15:31:03","guid":{"rendered":"https:\/\/encuentroinformativo.com.mx\/?p=35026"},"modified":"2023-01-03T09:31:06","modified_gmt":"2023-01-03T15:31:06","slug":"la-violencia-de-fin-de-ano","status":"publish","type":"post","link":"https:\/\/encuentroinformativo.com.mx\/?p=35026","title":{"rendered":"LA VIOLENCIA DE FIN DE A\u00d1O"},"content":{"rendered":"\n<p><strong>ColumnaSinNombre<br>@pablojair<\/strong><\/p>\n\n\n\n<ul class=\"wp-block-list\"><li>Hist\u00f3rico nombramiento de ministra en la SCJN.<\/li><li>Zenyazen promueve donaci\u00f3n de juguetes.<\/li><li>Que nos vaya a chido a todos en 2023.<\/li><\/ul>\n\n\n\n<p><em>La verdad es que la banda no conf\u00eda en la vacuna cubana Abdal\u00e1<br>\u2014Chopenjawer<\/em><\/p>\n\n\n\n<p>Entre polic\u00edas de la vieja guardia, un truco para emboscar a los malandros es siempre esperarlos a que lleguen a ver sus familias en los d\u00edas y lugares donde son m\u00e1s vulnerables y bajan la guardia; regularmente son los festejos de fin de a\u00f1o o incluso el D\u00eda de las Madres, cuando se han dado hasta arrestos en pleno pante\u00f3n.<\/p>\n\n\n\n<p>Las recientes ejecuciones en Poza Rica parecen tener esa escuela, pues de la nada y en poco tiempo (con una precisi\u00f3n muy calculada), en tres eventos se ejecutaron a ocho personas. Tambi\u00e9n lo del penal de Ciudad Ju\u00e1rez, Chihuahua, va por el mismo camino: agarraron a todo mundo festejando, relajados, enfiestados. Todo sincronizado.<\/p>\n\n\n\n<p>Pero no s\u00f3lo fue la masacre de Poza Rica. Tambi\u00e9n se dieron a finales de diciembre tres ejecuciones de servidores p\u00fablicos: el alcalde de Rafael Delgado, Isauro Ambrosio Tocohua; el tesorero de Tezonapa, Salvador de Jes\u00fas P\u00e1ez; y el s\u00edndico de Omealca, Miguel Tinoco Garc\u00eda.<\/p>\n\n\n\n<p>Seg\u00fan la versi\u00f3n semi-oficial, se tratar\u00eda de ajustes de cuentas ligados a la delincuencia organizada que estar\u00eda reestructur\u00e1ndose en zonas estrat\u00e9gicas como la regi\u00f3n de C\u00f3rdoba y Poza Rica. Luchas entre grupos que buscan el control de las actividades il\u00edcitas y millonarias como es la venta y trasiego de droga, tr\u00e1fico de personas, etc.<\/p>\n\n\n\n<p>No obstante, algo que quiz\u00e1s deban tener en cuenta en Palacio de Gobierno, es que conforme se acerque la elecci\u00f3n a la gubernatura y el t\u00e9rmino del actual periodo, comenzar\u00e1n nuevamente a desatarse estos eventos por el reacomodo del poder de grupos delincuenciales o pol\u00edticos, cuando buscan mantener los privilegios o disputarlos a sangre y fuego.<\/p>\n\n\n\n<p>Se puede decir \u2014no deber\u00eda decirse, pero ocurre\u2014 que es \u201cnormal\u201d este tipo de ajustes luego de ciertos per\u00edodos, porque surgen las peleas para buscar el control de cargos p\u00fablicos que sirven como protecci\u00f3n pol\u00edtica de la delincuencia y tambi\u00e9n para hacer \u201cbusiness\u201d. Un ejemplo de esto fue el caso del abogado Clemente Nagasaki Condado Escamilla, asesinado en Acayucan en mayo del a\u00f1o pasado, quien era mencionado como el posible candidato a la alcald\u00eda o una diputaci\u00f3n.<\/p>\n\n\n\n<p>Otra situaci\u00f3n que podr\u00eda presentarse en la entidad conforme se avecine la \u00e9poca preelectoral ser\u00eda la de \u201ccalentar la plaza\u201d; es decir, crear eventos violentos para desestabilizar y usarse como arma de ataques pol\u00edticos contra el actual gobierno. Desatar peque\u00f1os infiernillos en lugares donde pueda hacerse el mayor ruido posible, teniendo en cuenta que ser\u00e1 la primera vez que los viejos partidos pol\u00edticos ir\u00e1n a competir contra otro muy nuevo y muy fuerte, que dar\u00e1 seguramente pie a una guerra encarnizada por el poder contra el actual gobierno, su movimiento, y \u2014porqu\u00e9 no\u2014 contra la candidata que se ubica como la perfilada a suceder al gobernador.<\/p>\n\n\n\n<p>En este sentido \u2014creo\u2014 los de Palacio de Gobierno tienen una ventaja: si en la administraci\u00f3n de Javier Duarte se un\u00edan sin pensarlo dos grupos opositores (los de Yunes y los de Morena) para criticar ferozmente la violencia en el estado, ahora los que est\u00e1n en gobierno tienen qu\u00e9 defender con u\u00f1as y dientes a su \u201cCuarta Transformeishion\u201d y por lo tanto ya no se ve tanta agitaci\u00f3n medi\u00e1tica como antes. Eventos violentos como los recientes, en otra \u00e9poca, hubiesen crecido (y se hubiesen quiz\u00e1 capitalizado m\u00e1s), pero de alguna u otra manera no hicieron tanto ruido como en \u00e9pocas pasadas, teniendo tambi\u00e9n en cuenta que el gobierno estatal tiene buena relaci\u00f3n con el federal, que era el principal punto d\u00e9bil del Duartismo.<\/p>\n\n\n\n<p>Otro punto a favor es que hay estados en peores situaciones de inseguridad, como el caso de Zacatecas y Guanajuato.<\/p>\n\n\n\n<p>Pero no todo es lo medi\u00e1tico: preg\u00fantele ahorita a la gente de Poza Rica si tienen ganas de salir a la calle a cenar, a echarse unos tacos o una cerveza con la familia o los amigos. Los hechos violentos \u2014aunque aparentemente es s\u00f3lo un asunto entre malandros\u2014 van a crear temor y natural desconfianza a la autoridad, algo que es muy dif\u00edcil de recomponer en el corto plazo.<\/p>\n\n\n\n<p>Por lo anterior, la administraci\u00f3n actual deber\u00e1 esforzarse al triple para resolver cr\u00edmenes, blindar l\u00edmites con algunos estados vecinos y tratar de prevenir eventos violentos con retenes y operativos para persuadir al delincuente y dar certidumbre al ciudadano.<\/p>\n\n\n\n<p>Si bien existe (como quiz\u00e1s no hab\u00eda antes) una coordinaci\u00f3n permanente y diaria entre mandos militares, navales y civiles con las reuniones de la Mesa de Coordinaci\u00f3n para la Paz, a estas alturas ya debe haber la suficiente inteligencia para haberse detectado qui\u00e9nes son los generadores de violencia, a qu\u00e9 grupos de poder est\u00e1n ligados (sindicatos, organizaciones sociales, por decir algunos), con qui\u00e9nes de los personajes pol\u00edticos de alto perfil tienen alianza, c\u00f3mo est\u00e1n tejiendo sus estrategias y qui\u00e9nes son los operadores. Pero sobre todo, de d\u00f3nde viene el dinero e incluso conocer si no es en los penales desde donde los jefes de la delincuencia organizada est\u00e1n moviendo los hilos.<\/p>\n\n\n\n<p>Si el gobierno estatal tuviera verdaderos estrategas que dominaran los escenarios pol\u00edtico-social y de seguridad, tendr\u00eda que tener claro que lo que est\u00e1 ocurriendo no es casual, principalmente en la zona centro y la regi\u00f3n sur del estado, pero deber\u00edan preocuparse seriamente en este momento cuando ya los homicidios no se est\u00e1n quedando en la zona de Mart\u00ednez de la Torre y Tlapacoyan, sino que se empiezan a presentar en la regi\u00f3n serrana de Papantla y Poza Rica.<\/p>\n\n\n\n<p>A estas alturas, se puede decir que est\u00e1n midiendo al actual gobierno con sus respuestas y sus acciones.<\/p>\n\n\n\n<p>Si para el gobierno estatal la violencia es solamente un asunto entre malandros, lo peor ser\u00eda minimizarlo a un pleito arrabalero. Quiz\u00e1s ya no se vea as\u00ed, pues se demostr\u00f3 en estos d\u00edas que la estrategia de \u201cAbrazos, no balazos\u201d tuvo que ser sustituida en C\u00f3rdoba donde elementos de la Fuerza Civil tuvieron que abatir a cuatro.<\/p>\n\n\n\n<p>Y no es ser ave de mal ag\u00fcero, simplemente se usa el sentido com\u00fan para entender que hay mucho en juego para las pr\u00f3ximas elecciones y los grupos opositores (altamente desesperados, especialmente los que quedaron fuera del escenario pol\u00edtico) ya est\u00e1n movi\u00e9ndose con tal de recuperar lo perdido en 2016 y 2018.<\/p>\n\n\n\n<p>Es, luego entonces, un escenario in\u00e9dito donde finalmente se podr\u00e1n medir las fuerzas de quienes quieren regresar al poder y los que se quieren mantener en el mismo, con la idea de consolidar un r\u00e9gimen de varios a\u00f1os, teniendo en cuenta que ser\u00e1 la primera vez que los viejos partidos pol\u00edticos \u2014que no tienen presencia real en este momento\u2014 cuentan con toda la marruller\u00eda posible para este tipo de estrategias.<\/p>\n\n\n\n<p>O sea, le saben a eso de la guerra sucia. Al tiempo.<\/p>\n\n\n\n<p><strong>NOTA PARA PEGAR EN EL REFRI<\/strong>: Es en verdad hist\u00f3rico el nombramiento de una mujer al frente de la Suprema Corte de Justicia de la Naci\u00f3n; los que celebraron abiertamente fueron los opositores a la Cuarta Transformeishion, pero honestamente \u2014m\u00e1s all\u00e1 de las filias y fobias pol\u00edticas\u2014 s\u00ed debe destacarse la llegada de la ministra Norma Pi\u00f1a Hern\u00e1ndez a la representaci\u00f3n del Poder Judicial. A ver c\u00f3mo se ponen las cosas en los restantes meses de aqu\u00ed al 2024. Eso s\u00ed, en las filas \u201cmorenas\u201d, como que no les pareci\u00f3.<\/p>\n\n\n\n<p><strong>OTRA NOTA<\/strong>: Ante la proximidad de la llegada de los Reyes Magos, el titular de la Secretar\u00eda de Educaci\u00f3n de Veracruz (SEV), Zenyazen Escobar Garc\u00eda, reiter\u00f3 la invitaci\u00f3n a la sociedad veracruzana sumarse a esta 5.\u00aa edici\u00f3n de la campa\u00f1a &#8220;Dona un juguete, dona amor&#8221;, la cual en este a\u00f1o busca llevar a m\u00e1s de 29 mil ni\u00f1as y ni\u00f1os de zonas de alta y muy alta marginaci\u00f3n un regalo en esta fecha tan especial\u2026 A trav\u00e9s de las 12 delegaciones de la SEV se instalaron m\u00f3dulos de recepci\u00f3n de juguetes para facilitar la recolecci\u00f3n en los distintos puntos del estado. Ser\u00e1 este pr\u00f3ximo mi\u00e9rcoles 4 de enero cuando se d\u00e9 el cierre oficial de la colecta para posteriormente iniciar con la entrega y repartici\u00f3n de los juguetes.<\/p>\n\n\n\n<p><strong>LA \u00daLTIMA PORQUE LIBRO DE PEARL JAM PENDIENTE: <\/strong>Inicia el 2023 y, como cada a\u00f1o, significa un tiempo de esperanza para que nuestra vida mejore, para que los proyectos a mediano o largo plazo se vayan forjando; para que esos sue\u00f1os se cristalicen. Inicia otra vuelta al calendario, donde el paso del tiempo es implacable. Lo menos que se puede pedir es que a todos nos vaya bien, que haya salud y \u00e9xito, pero sobre todo salud, pues los a\u00f1os recientes de la pandemia nos ense\u00f1aron que un bicho puede paralizar al mundo y nos hizo cambiar h\u00e1bitos de limpieza, de uso de cubrebocas, de mantener una sana distancia en lugares concurridos\u2026 Anyway, que este 2023 sea para bien de todos y que haya tambi\u00e9n harta prosperidad. Am\u00e9n.<\/p>\n","protected":false},"excerpt":{"rendered":"<p>ColumnaSinNombre@pablojair Hist\u00f3rico nombramiento de ministra en la SCJN. Zenyazen promueve donaci\u00f3n de juguetes. Que nos vaya a chido a todos en 2023. La verdad es que la banda no conf\u00eda en la vacuna cubana Abdal\u00e1\u2014Chopenjawer Entre polic\u00edas de la vieja guardia, un truco para emboscar a los malandros es siempre esperarlos a que lleguen a [&hellip;]<\/p>\n","protected":false},"author":2476,"featured_media":488,"comment_status":"open","ping_status":"open","sticky":false,"template":"","format":"standard","meta":{"_jetpack_memberships_contains_paid_content":false,"footnotes":""},"categories":[11],"tags":[],"class_list":["post-35026","post","type-post","status-publish","format-standard","has-post-thumbnail","hentry","category-opinion"],"jetpack_featured_media_url":"https:\/\/encuentroinformativo.com.mx\/wp-content\/uploads\/2020\/03\/F471F608-BA1A-416B-BA7B-BCFB24F4E6D0.jpeg","jetpack_sharing_enabled":true,"jetpack_likes_enabled":true,"amp_enabled":true,"_links":{"self":[{"href":"https:\/\/encuentroinformativo.com.mx\/index.php?rest_route=\/wp\/v2\/posts\/35026","targetHints":{"allow":["GET"]}}],"collection":[{"href":"https:\/\/encuentroinformativo.com.mx\/index.php?rest_route=\/wp\/v2\/posts"}],"about":[{"href":"https:\/\/encuentroinformativo.com.mx\/index.php?rest_route=\/wp\/v2\/types\/post"}],"author":[{"embeddable":true,"href":"https:\/\/encuentroinformativo.com.mx\/index.php?rest_route=\/wp\/v2\/users\/2476"}],"replies":[{"embeddable":true,"href":"https:\/\/encuentroinformativo.com.mx\/index.php?rest_route=%2Fwp%2Fv2%2Fcomments&post=35026"}],"version-history":[{"count":1,"href":"https:\/\/encuentroinformativo.com.mx\/index.php?rest_route=\/wp\/v2\/posts\/35026\/revisions"}],"predecessor-version":[{"id":35027,"href":"https:\/\/encuentroinformativo.com.mx\/index.php?rest_route=\/wp\/v2\/posts\/35026\/revisions\/35027"}],"wp:featuredmedia":[{"embeddable":true,"href":"https:\/\/encuentroinformativo.com.mx\/index.php?rest_route=\/wp\/v2\/media\/488"}],"wp:attachment":[{"href":"https:\/\/encuentroinformativo.com.mx\/index.php?rest_route=%2Fwp%2Fv2%2Fmedia&parent=35026"}],"wp:term":[{"taxonomy":"category","embeddable":true,"href":"https:\/\/encuentroinformativo.com.mx\/index.php?rest_route=%2Fwp%2Fv2%2Fcategories&post=35026"},{"taxonomy":"post_tag","embeddable":true,"href":"https:\/\/encuentroinformativo.com.mx\/index.php?rest_route=%2Fwp%2Fv2%2Ftags&post=35026"}],"curies":[{"name":"wp","href":"https:\/\/api.w.org\/{rel}","templated":true}]}}