{"id":35028,"date":"2023-01-03T13:33:25","date_gmt":"2023-01-03T19:33:25","guid":{"rendered":"https:\/\/encuentroinformativo.com.mx\/?p=35028"},"modified":"2023-01-03T13:33:29","modified_gmt":"2023-01-03T19:33:29","slug":"mildred-chavez-sera-nueva-presidenta-de-canacintra-veracruz","status":"publish","type":"post","link":"https:\/\/encuentroinformativo.com.mx\/?p=35028","title":{"rendered":"Mildred Ch\u00e1vez ser\u00e1 nueva presidenta de CANACINTRA Veracruz"},"content":{"rendered":"\n<p><strong>Alejandro \u00c1vila<\/strong><\/p>\n\n\n\n<p>Veracruz, Ver.- La empresaria Mildred Ch\u00e1vez ser\u00e1 qui\u00e9n asuma el cargo como nueva presidenta de la C\u00e1mara Nacional de la Industria de la Transformaci\u00f3n (CANACINTRA) delegaci\u00f3n Veracruz, durante este 2023.<\/p>\n\n\n\n<p>La joven tomar\u00e1 el cargo tras el sorpresivo y lamentable deceso de Jos\u00e9 Antonio Campa P\u00e9rez el pasado 31 de diciembre; qui\u00e9n hab\u00eda sido electo por los socios de la c\u00e1mara empresarial.<\/p>\n\n\n\n<p>A falta de hacer el acto protocolario de toma de protesta, se estima que la joven empresaria est\u00e9 en el cargo lo que resta del a\u00f1o 2023, para posteriormente convocar a nuevas elecciones y conocer si continuar\u00e1 en el cargo o se buscar\u00e1 a un nuevo l\u00edder empresarial.<\/p>\n\n\n\n<p>Cabe mencionar que durante las \u00faltimas semanas del 2022, la delegaci\u00f3n en Veracruz de CANACINTRA estuvo en el &#8220;ojo del hurac\u00e1n&#8221;, pues ha sido la \u00fanica c\u00e1mara empresarial qu\u00e9 abiertamente ha mostrado y brindado su apoyo para la instalaci\u00f3n de la empresa Gas Natural Del Noroeste en la entidad veracruzana; la cual mantiene un pleito medi\u00e1tico con el Gobierno de Veracruz, por presuntamente no poseer los dict\u00e1menes de impacto ambiental que le permitan trabajar en el Estado.<\/p>\n\n\n\n<p>Sin embargo, el pasado 18 de diciembre durante una cena de gala en el World Trade Center de Veracruz, el propio gobernador Cuitl\u00e1huac Garc\u00eda Jim\u00e9nez le entreg\u00f3 un reconocimiento al representante de Gas Natural del Noreste por el apoyo econ\u00f3mico brindado para la rehabilitaci\u00f3n del Aquarium del Puerto de Veracruz.<\/p>\n","protected":false},"excerpt":{"rendered":"<p>Alejandro \u00c1vila Veracruz, Ver.- La empresaria Mildred Ch\u00e1vez ser\u00e1 qui\u00e9n asuma el cargo como nueva presidenta de la C\u00e1mara Nacional de la Industria de la Transformaci\u00f3n (CANACINTRA) delegaci\u00f3n Veracruz, durante este 2023. La joven tomar\u00e1 el cargo tras el sorpresivo y lamentable deceso de Jos\u00e9 Antonio Campa P\u00e9rez el pasado 31 de diciembre; qui\u00e9n hab\u00eda [&hellip;]<\/p>\n","protected":false},"author":2476,"featured_media":35029,"comment_status":"open","ping_status":"open","sticky":false,"template":"","format":"standard","meta":{"_jetpack_memberships_contains_paid_content":false,"footnotes":""},"categories":[2],"tags":[],"class_list":["post-35028","post","type-post","status-publish","format-standard","has-post-thumbnail","hentry","category-estado"],"jetpack_featured_media_url":"https:\/\/encuentroinformativo.com.mx\/wp-content\/uploads\/2023\/01\/IMG-20230103-WA0025.jpg","jetpack_sharing_enabled":true,"jetpack_likes_enabled":true,"amp_enabled":true,"_links":{"self":[{"href":"https:\/\/encuentroinformativo.com.mx\/index.php?rest_route=\/wp\/v2\/posts\/35028","targetHints":{"allow":["GET"]}}],"collection":[{"href":"https:\/\/encuentroinformativo.com.mx\/index.php?rest_route=\/wp\/v2\/posts"}],"about":[{"href":"https:\/\/encuentroinformativo.com.mx\/index.php?rest_route=\/wp\/v2\/types\/post"}],"author":[{"embeddable":true,"href":"https:\/\/encuentroinformativo.com.mx\/index.php?rest_route=\/wp\/v2\/users\/2476"}],"replies":[{"embeddable":true,"href":"https:\/\/encuentroinformativo.com.mx\/index.php?rest_route=%2Fwp%2Fv2%2Fcomments&post=35028"}],"version-history":[{"count":1,"href":"https:\/\/encuentroinformativo.com.mx\/index.php?rest_route=\/wp\/v2\/posts\/35028\/revisions"}],"predecessor-version":[{"id":35030,"href":"https:\/\/encuentroinformativo.com.mx\/index.php?rest_route=\/wp\/v2\/posts\/35028\/revisions\/35030"}],"wp:featuredmedia":[{"embeddable":true,"href":"https:\/\/encuentroinformativo.com.mx\/index.php?rest_route=\/wp\/v2\/media\/35029"}],"wp:attachment":[{"href":"https:\/\/encuentroinformativo.com.mx\/index.php?rest_route=%2Fwp%2Fv2%2Fmedia&parent=35028"}],"wp:term":[{"taxonomy":"category","embeddable":true,"href":"https:\/\/encuentroinformativo.com.mx\/index.php?rest_route=%2Fwp%2Fv2%2Fcategories&post=35028"},{"taxonomy":"post_tag","embeddable":true,"href":"https:\/\/encuentroinformativo.com.mx\/index.php?rest_route=%2Fwp%2Fv2%2Ftags&post=35028"}],"curies":[{"name":"wp","href":"https:\/\/api.w.org\/{rel}","templated":true}]}}