{"id":35034,"date":"2023-01-03T13:41:52","date_gmt":"2023-01-03T19:41:52","guid":{"rendered":"https:\/\/encuentroinformativo.com.mx\/?p=35034"},"modified":"2023-01-03T13:41:56","modified_gmt":"2023-01-03T19:41:56","slug":"reabren-puente-morelos-en-veracruz-puerto-tras-bloqueo-de-artesanos","status":"publish","type":"post","link":"https:\/\/encuentroinformativo.com.mx\/?p=35034","title":{"rendered":"Reabren puente Morelos en Veracruz puerto tras bloqueo de artesanos"},"content":{"rendered":"\n<p><strong>Alejandro \u00c1vila<\/strong><\/p>\n\n\n\n<p>Veracruz, Ver.- Cerca del mediod\u00eda de este martes fue re abierto el puente Morelos tras el bloqueo que manten\u00edan un grupo de artesanos desde las 10 horas.<\/p>\n\n\n\n<p>Los quejosos se\u00f1alaron que desde hace 3 meses no se les permite vender en la calle Comodoro Azueta y algunas zonas del Malec\u00f3n de Veracruz, por lo que las cerca de 500 familias que dependen de ellos sufrieron los estragos de la carencia econ\u00f3mica durante el fin de a\u00f1o.<\/p>\n\n\n\n<p>&#8220;Nosotros lo \u00fanico que hemos pedido es que nos den chance de trabajar, que nos puedan regresar a nuestra \u00e1rea de trabajo&#8221;, expuso la representante de los comerciantes Teresa Morales.<\/p>\n\n\n\n<p>Los artesanos reconocieron qu\u00e9 ha habido varias mesas de di\u00e1logo; sin embargo, hasta la fecha no se han concretado soluciones que beneficien a ambas partes.<\/p>\n\n\n\n<p>&#8220;Nosotras, las madres solteras o madres con familia nos vamos a limpiar casas, hacemos alimentos para vender en la calle, hay diferentes personas que levantan cart\u00f3n, latas, buscamos la manera de regresar a casa con alimentos&#8221;, apunt\u00f3.<\/p>\n\n\n\n<p>A pesar de esto, Teresa Morales dijo qu\u00e9 las \u00e9pocas decembrinas no las disfrutaron como al resto de la familia, pues sus hijos no tuvieron una cena navide\u00f1a o de fin de a\u00f1o, ya que no hab\u00eda el dinero necesario para realizarla.<\/p>\n\n\n\n<p>Finalmente, el subdirector de Gobernaci\u00f3n del Ayuntamiento de Veracruz, Raymundo Eliseo Parra M\u00e1rquez, acudi\u00f3 al sitio para solicitarles liberar a la vialidad y se form\u00f3 una comitiva que se reunir\u00e1 con el director, Jos\u00e9 Carlos Bobadilla Carpi, para concretar la soluciones convenientes para ambos sectores.<\/p>\n\n\n\n<figure class=\"wp-block-image size-large\"><img loading=\"lazy\" decoding=\"async\" width=\"1024\" height=\"768\" src=\"https:\/\/encuentroinformativo.com.mx\/wp-content\/uploads\/2023\/01\/IMG-20230103-WA0050-1024x768.jpg\" alt=\"\" class=\"wp-image-35036\" srcset=\"https:\/\/encuentroinformativo.com.mx\/wp-content\/uploads\/2023\/01\/IMG-20230103-WA0050-1024x768.jpg 1024w, https:\/\/encuentroinformativo.com.mx\/wp-content\/uploads\/2023\/01\/IMG-20230103-WA0050-300x225.jpg 300w, https:\/\/encuentroinformativo.com.mx\/wp-content\/uploads\/2023\/01\/IMG-20230103-WA0050-768x576.jpg 768w, https:\/\/encuentroinformativo.com.mx\/wp-content\/uploads\/2023\/01\/IMG-20230103-WA0050-1536x1152.jpg 1536w, https:\/\/encuentroinformativo.com.mx\/wp-content\/uploads\/2023\/01\/IMG-20230103-WA0050.jpg 1600w\" sizes=\"auto, (max-width: 1024px) 100vw, 1024px\" \/><\/figure>\n","protected":false},"excerpt":{"rendered":"<p>Alejandro \u00c1vila Veracruz, Ver.- Cerca del mediod\u00eda de este martes fue re abierto el puente Morelos tras el bloqueo que manten\u00edan un grupo de artesanos desde las 10 horas. Los quejosos se\u00f1alaron que desde hace 3 meses no se les permite vender en la calle Comodoro Azueta y algunas zonas del Malec\u00f3n de Veracruz, por [&hellip;]<\/p>\n","protected":false},"author":2476,"featured_media":35035,"comment_status":"open","ping_status":"open","sticky":false,"template":"","format":"standard","meta":{"_jetpack_memberships_contains_paid_content":false,"footnotes":""},"categories":[2],"tags":[],"class_list":["post-35034","post","type-post","status-publish","format-standard","has-post-thumbnail","hentry","category-estado"],"jetpack_featured_media_url":"https:\/\/encuentroinformativo.com.mx\/wp-content\/uploads\/2023\/01\/IMG-20230103-WA0049.jpg","jetpack_sharing_enabled":true,"jetpack_likes_enabled":true,"amp_enabled":true,"_links":{"self":[{"href":"https:\/\/encuentroinformativo.com.mx\/index.php?rest_route=\/wp\/v2\/posts\/35034","targetHints":{"allow":["GET"]}}],"collection":[{"href":"https:\/\/encuentroinformativo.com.mx\/index.php?rest_route=\/wp\/v2\/posts"}],"about":[{"href":"https:\/\/encuentroinformativo.com.mx\/index.php?rest_route=\/wp\/v2\/types\/post"}],"author":[{"embeddable":true,"href":"https:\/\/encuentroinformativo.com.mx\/index.php?rest_route=\/wp\/v2\/users\/2476"}],"replies":[{"embeddable":true,"href":"https:\/\/encuentroinformativo.com.mx\/index.php?rest_route=%2Fwp%2Fv2%2Fcomments&post=35034"}],"version-history":[{"count":1,"href":"https:\/\/encuentroinformativo.com.mx\/index.php?rest_route=\/wp\/v2\/posts\/35034\/revisions"}],"predecessor-version":[{"id":35037,"href":"https:\/\/encuentroinformativo.com.mx\/index.php?rest_route=\/wp\/v2\/posts\/35034\/revisions\/35037"}],"wp:featuredmedia":[{"embeddable":true,"href":"https:\/\/encuentroinformativo.com.mx\/index.php?rest_route=\/wp\/v2\/media\/35035"}],"wp:attachment":[{"href":"https:\/\/encuentroinformativo.com.mx\/index.php?rest_route=%2Fwp%2Fv2%2Fmedia&parent=35034"}],"wp:term":[{"taxonomy":"category","embeddable":true,"href":"https:\/\/encuentroinformativo.com.mx\/index.php?rest_route=%2Fwp%2Fv2%2Fcategories&post=35034"},{"taxonomy":"post_tag","embeddable":true,"href":"https:\/\/encuentroinformativo.com.mx\/index.php?rest_route=%2Fwp%2Fv2%2Ftags&post=35034"}],"curies":[{"name":"wp","href":"https:\/\/api.w.org\/{rel}","templated":true}]}}