{"id":35048,"date":"2023-01-04T10:33:57","date_gmt":"2023-01-04T16:33:57","guid":{"rendered":"https:\/\/encuentroinformativo.com.mx\/?p=35048"},"modified":"2023-01-04T10:34:01","modified_gmt":"2023-01-04T16:34:01","slug":"xallitic-y-el-dique-buscan-ser-barrios-magicos","status":"publish","type":"post","link":"https:\/\/encuentroinformativo.com.mx\/?p=35048","title":{"rendered":"Xallitic y El Dique, buscan ser Barrios M\u00e1gicos"},"content":{"rendered":"\n<p>Xalapa, Ver.- La titular de la direcci\u00f3n de Cultura del Ayuntamiento de Xalapa, Karla Montano Rocher, dijo que los barrios Xallitic y el Dique de la capital compiten para ser distinguidos como Barrios M\u00e1gicos, adem\u00e1s de que son un emblema por los eventos culturales que en ellos se llevan a cabo.<\/p>\n\n\n\n<p>En entrevista coment\u00f3 que el estado y el municipio podr\u00edan colaborar con la realizaci\u00f3n de festivales y al mismo tiempo el embellecimiento de esos espacios.<\/p>\n","protected":false},"excerpt":{"rendered":"<p>Xalapa, Ver.- La titular de la direcci\u00f3n de Cultura del Ayuntamiento de Xalapa, Karla Montano Rocher, dijo que los barrios Xallitic y el Dique de la capital compiten para ser distinguidos como Barrios M\u00e1gicos, adem\u00e1s de que son un emblema por los eventos culturales que en ellos se llevan a cabo. En entrevista coment\u00f3 que [&hellip;]<\/p>\n","protected":false},"author":2476,"featured_media":35049,"comment_status":"open","ping_status":"open","sticky":false,"template":"","format":"standard","meta":{"_jetpack_memberships_contains_paid_content":false,"footnotes":""},"categories":[3],"tags":[],"class_list":["post-35048","post","type-post","status-publish","format-standard","has-post-thumbnail","hentry","category-xalapa"],"jetpack_featured_media_url":"https:\/\/encuentroinformativo.com.mx\/wp-content\/uploads\/2023\/01\/Photo_1672848738981.jpg","jetpack_sharing_enabled":true,"jetpack_likes_enabled":true,"amp_enabled":true,"_links":{"self":[{"href":"https:\/\/encuentroinformativo.com.mx\/index.php?rest_route=\/wp\/v2\/posts\/35048","targetHints":{"allow":["GET"]}}],"collection":[{"href":"https:\/\/encuentroinformativo.com.mx\/index.php?rest_route=\/wp\/v2\/posts"}],"about":[{"href":"https:\/\/encuentroinformativo.com.mx\/index.php?rest_route=\/wp\/v2\/types\/post"}],"author":[{"embeddable":true,"href":"https:\/\/encuentroinformativo.com.mx\/index.php?rest_route=\/wp\/v2\/users\/2476"}],"replies":[{"embeddable":true,"href":"https:\/\/encuentroinformativo.com.mx\/index.php?rest_route=%2Fwp%2Fv2%2Fcomments&post=35048"}],"version-history":[{"count":1,"href":"https:\/\/encuentroinformativo.com.mx\/index.php?rest_route=\/wp\/v2\/posts\/35048\/revisions"}],"predecessor-version":[{"id":35050,"href":"https:\/\/encuentroinformativo.com.mx\/index.php?rest_route=\/wp\/v2\/posts\/35048\/revisions\/35050"}],"wp:featuredmedia":[{"embeddable":true,"href":"https:\/\/encuentroinformativo.com.mx\/index.php?rest_route=\/wp\/v2\/media\/35049"}],"wp:attachment":[{"href":"https:\/\/encuentroinformativo.com.mx\/index.php?rest_route=%2Fwp%2Fv2%2Fmedia&parent=35048"}],"wp:term":[{"taxonomy":"category","embeddable":true,"href":"https:\/\/encuentroinformativo.com.mx\/index.php?rest_route=%2Fwp%2Fv2%2Fcategories&post=35048"},{"taxonomy":"post_tag","embeddable":true,"href":"https:\/\/encuentroinformativo.com.mx\/index.php?rest_route=%2Fwp%2Fv2%2Ftags&post=35048"}],"curies":[{"name":"wp","href":"https:\/\/api.w.org\/{rel}","templated":true}]}}