{"id":3505,"date":"2020-06-20T15:50:13","date_gmt":"2020-06-20T20:50:13","guid":{"rendered":"https:\/\/encuentroinformativo.com\/?p=3505"},"modified":"2020-06-20T15:50:15","modified_gmt":"2020-06-20T20:50:15","slug":"se-quejan-locatarios-por-incendio-en-altar-guadalupano","status":"publish","type":"post","link":"https:\/\/encuentroinformativo.com.mx\/?p=3505","title":{"rendered":"Se quejan locatarios por incendio en altar guadalupano"},"content":{"rendered":"\n<p><strong>Dar\u00edo Pale<\/strong><\/p>\n\n\n\n<p>Xalapa, Ver.- Locatarios del Mercado Alcalde y Garc\u00eda, mejor conocido como San Jos\u00e9, expresaron su dolor y coraje debido a que en la madrugada hombres encapuchados quemaron el altar donde se encontraba la imagen de la Virgen de Guadalupe.<\/p>\n\n\n\n<p>En entrevista M\u00f3nica Hern\u00e1ndez Hern\u00e1ndez, representante de los locatarios del citado mercado, enfatiz\u00f3 que no saben el motivo por el cual el altar y la imagen sufrieron un acto tan atroz.<\/p>\n\n\n\n<p>La imagen del altar ten\u00eda 50 a\u00f1os de haber sido colocada a la entrada de esa central de abastos y nunca hab\u00eda sufrido la m\u00e1s m\u00ednima agresi\u00f3n, indicaron, \u201cel hecho me lo reportaron a las seis de la ma\u00f1ana, cuando los compa\u00f1eros del mercado encontraron el nicho y la imagen quemados\u201d, coment\u00f3 a punto de soltar el llanto.<\/p>\n\n\n\n<p>\u201cA los locatarios nos duele mucho esto, no sabemos el motivo por el cual haya sido hecho, pero atentaron contra una imagen muy querida para nosotros. Esto lo podemos reparar y colocar de nuevo la imagen, pero nos han golpeado muy duro, han lastimado a una imagen muy querida\u201d, agreg\u00f3.<\/p>\n\n\n\n<p>Los locatarios del mercado indicaron que tienen im\u00e1genes y pistas de los autores del acto, ya que durante la madrugada de hoy s\u00e1bado dos hombres encapuchados y con tatuajes en los brazos se acercaron al nicho y le prendieron fuego.<\/p>\n\n\n\n<p>Por ello, indicaron, presentar\u00e1n denuncia ante la Fiscal\u00eda General del Estado, para que se investigue y se d\u00e9 con los responsables.<\/p>\n\n\n\n<p>Los locatarios manifestaron que en el transcurso de la ma\u00f1ana se presentaron elementos de las secretarias de Seguridad P\u00fablica y de Protecci\u00f3n Civil as\u00ed como del ayuntamiento de Xalapa y de la polic\u00eda ministerial, a quienes les solicitaron mayor vigilancia en la zona.<\/p>\n\n\n\n<p>Por \u00faltimo cabe se\u00f1alar que, el p\u00e1rroco Jos\u00e9 Juan S\u00e1nchez J\u00e1come, p\u00e1rroco del templo de San Jos\u00e9, escribi\u00f3 en su cuenta de redes sociales: \u201cQuemaron en la madrugada el Altar a la Virgen de Guadalupe a la entrada del Mercado San Jos\u00e9. Muy tristes los locatarios ante esta agresi\u00f3n que los lastima en lo m\u00e1s profundo, porque se trata de la Virgen, de la Madre de los Mexicanos. Perdona, Se\u00f1or, a los que hacen el mal\u201d.<\/p>\n\n\n\n<p><\/p>\n","protected":false},"excerpt":{"rendered":"<p>Dar\u00edo Pale Xalapa, Ver.- Locatarios del Mercado Alcalde y Garc\u00eda, mejor conocido como San Jos\u00e9, expresaron su dolor y coraje debido a que en la madrugada hombres encapuchados quemaron el altar donde se encontraba la imagen de la Virgen de Guadalupe. En entrevista M\u00f3nica Hern\u00e1ndez Hern\u00e1ndez, representante de los locatarios del citado mercado, enfatiz\u00f3 que [&hellip;]<\/p>\n","protected":false},"author":1,"featured_media":3506,"comment_status":"open","ping_status":"open","sticky":false,"template":"","format":"standard","meta":{"_jetpack_memberships_contains_paid_content":false,"footnotes":""},"categories":[3],"tags":[],"class_list":["post-3505","post","type-post","status-publish","format-standard","has-post-thumbnail","hentry","category-xalapa"],"jetpack_featured_media_url":"https:\/\/encuentroinformativo.com.mx\/wp-content\/uploads\/2020\/06\/D8C32E6A-9B93-4210-9930-03C60565526F.jpeg","jetpack_sharing_enabled":true,"jetpack_likes_enabled":true,"amp_enabled":true,"_links":{"self":[{"href":"https:\/\/encuentroinformativo.com.mx\/index.php?rest_route=\/wp\/v2\/posts\/3505","targetHints":{"allow":["GET"]}}],"collection":[{"href":"https:\/\/encuentroinformativo.com.mx\/index.php?rest_route=\/wp\/v2\/posts"}],"about":[{"href":"https:\/\/encuentroinformativo.com.mx\/index.php?rest_route=\/wp\/v2\/types\/post"}],"author":[{"embeddable":true,"href":"https:\/\/encuentroinformativo.com.mx\/index.php?rest_route=\/wp\/v2\/users\/1"}],"replies":[{"embeddable":true,"href":"https:\/\/encuentroinformativo.com.mx\/index.php?rest_route=%2Fwp%2Fv2%2Fcomments&post=3505"}],"version-history":[{"count":1,"href":"https:\/\/encuentroinformativo.com.mx\/index.php?rest_route=\/wp\/v2\/posts\/3505\/revisions"}],"predecessor-version":[{"id":3507,"href":"https:\/\/encuentroinformativo.com.mx\/index.php?rest_route=\/wp\/v2\/posts\/3505\/revisions\/3507"}],"wp:featuredmedia":[{"embeddable":true,"href":"https:\/\/encuentroinformativo.com.mx\/index.php?rest_route=\/wp\/v2\/media\/3506"}],"wp:attachment":[{"href":"https:\/\/encuentroinformativo.com.mx\/index.php?rest_route=%2Fwp%2Fv2%2Fmedia&parent=3505"}],"wp:term":[{"taxonomy":"category","embeddable":true,"href":"https:\/\/encuentroinformativo.com.mx\/index.php?rest_route=%2Fwp%2Fv2%2Fcategories&post=3505"},{"taxonomy":"post_tag","embeddable":true,"href":"https:\/\/encuentroinformativo.com.mx\/index.php?rest_route=%2Fwp%2Fv2%2Ftags&post=3505"}],"curies":[{"name":"wp","href":"https:\/\/api.w.org\/{rel}","templated":true}]}}