{"id":35051,"date":"2023-01-04T12:39:02","date_gmt":"2023-01-04T18:39:02","guid":{"rendered":"https:\/\/encuentroinformativo.com.mx\/?p=35051"},"modified":"2023-01-04T12:39:06","modified_gmt":"2023-01-04T18:39:06","slug":"en-incertidumbre-trabajadores-del-tejav","status":"publish","type":"post","link":"https:\/\/encuentroinformativo.com.mx\/?p=35051","title":{"rendered":"En incertidumbre, trabajadores del TEJAV"},"content":{"rendered":"\n<p><strong>Juan Arcos <\/strong><\/p>\n\n\n\n<p>Xalapa, Ver.- Decenas de polic\u00edas estatales resguardaron la Torre El Olmo, en la zona sur de esta ciudad de Xalapa, para evitar conflictos tras la resoluci\u00f3n de la Suprema Corte de Justicia de la Naci\u00f3n (SCJN), donde queda sin efecto el reci\u00e9n nombramiento de los magistrados del Tribunal de Justicia Administrativa del Estado de Veracruz (Trijaev).<\/p>\n\n\n\n<p>Pese a lo anterior, durante la madrugada de este mi\u00e9rcoles, Leticia Aguilar Jim\u00e9nez, Rosalba Garc\u00eda Salazar, Diana Or\u00f3stegui, Jaziel Cabrera Pacheco, Roberto Sigala Aguilar y Rub\u00e9n Hern\u00e1ndez Mendiola, quienes encabezar\u00edan el Trijaev, ingresaron a las instalaciones para adelantarse a los magistrados del Tribunal Estatal de Justicia Administrativa (Tejav).<\/p>\n\n\n\n<p>Cabe recordar que los magistrados del Tejav promovieron la controversia constitucional 266\/2022 ante el m\u00e1ximo tribunal del pa\u00eds, para evitar que fueran cesados de su cargo.<\/p>\n\n\n\n<p>El pasado 30 de diciembre, la Suprema Corte concedi\u00f3 una suspensi\u00f3n a los magistrados del Tejav, por lo que Roberto Alejandro P\u00e9rez Guti\u00e9rrez, Pedro Jos\u00e9 Mar\u00eda Garc\u00eda Monta\u00f1ez, Luisa Samaniego Ram\u00edrez y Estrella Alhely Iglesias Guti\u00e9rrez podr\u00edan seguir en funciones.<\/p>\n\n\n\n<p>Mientras se determina si la extinci\u00f3n del Tejav es constitucional, m\u00e1s de 100 empleados est\u00e1n en la incertidumbre, pues consideran que podr\u00edan perder su empleo.<\/p>\n\n\n\n<p>De acuerdo con uno de ellos, quien solicit\u00f3 el anonimato, los empleados del Tejav no han recibido ninguna instrucci\u00f3n al respecto.<\/p>\n\n\n\n<p>\u201cDe antemano est\u00e1 el tema de la extinci\u00f3n del Tejav, se cit\u00f3 al personal y estamos a la espera de instrucciones y la verdad no sabemos qu\u00e9 vaya a pasar. Est\u00e1n los polic\u00edas, se nos deja pasar sin problema pero no hay instrucciones de nada, es una incertidumbre total\u201d, expres\u00f3.<\/p>\n\n\n\n<p>Los trabajadores del Tejav pidieron a las autoridades que les informen si ser\u00e1n recontratados o liquidados conforme a derecho.<\/p>\n\n\n\n<p>Algunos de ellos hab\u00edan laborado en el Tribunal Estatal de Justicia Administrativa desde hace cinco a\u00f1os, cuando fue creado el mismo.<\/p>\n\n\n\n<p>&#8220;No sabemos absolutamente nada, si se nos va a recontratar o se nos va a recontratar, no sabemos nada\u201d, refirieron los trabajadores.<\/p>\n","protected":false},"excerpt":{"rendered":"<p>Juan Arcos Xalapa, Ver.- Decenas de polic\u00edas estatales resguardaron la Torre El Olmo, en la zona sur de esta ciudad de Xalapa, para evitar conflictos tras la resoluci\u00f3n de la Suprema Corte de Justicia de la Naci\u00f3n (SCJN), donde queda sin efecto el reci\u00e9n nombramiento de los magistrados del Tribunal de Justicia Administrativa del Estado [&hellip;]<\/p>\n","protected":false},"author":2476,"featured_media":35052,"comment_status":"open","ping_status":"open","sticky":false,"template":"","format":"standard","meta":{"_jetpack_memberships_contains_paid_content":false,"footnotes":""},"categories":[2],"tags":[],"class_list":["post-35051","post","type-post","status-publish","format-standard","has-post-thumbnail","hentry","category-estado"],"jetpack_featured_media_url":"https:\/\/encuentroinformativo.com.mx\/wp-content\/uploads\/2023\/01\/IMG_8187.jpg","jetpack_sharing_enabled":true,"jetpack_likes_enabled":true,"amp_enabled":true,"_links":{"self":[{"href":"https:\/\/encuentroinformativo.com.mx\/index.php?rest_route=\/wp\/v2\/posts\/35051","targetHints":{"allow":["GET"]}}],"collection":[{"href":"https:\/\/encuentroinformativo.com.mx\/index.php?rest_route=\/wp\/v2\/posts"}],"about":[{"href":"https:\/\/encuentroinformativo.com.mx\/index.php?rest_route=\/wp\/v2\/types\/post"}],"author":[{"embeddable":true,"href":"https:\/\/encuentroinformativo.com.mx\/index.php?rest_route=\/wp\/v2\/users\/2476"}],"replies":[{"embeddable":true,"href":"https:\/\/encuentroinformativo.com.mx\/index.php?rest_route=%2Fwp%2Fv2%2Fcomments&post=35051"}],"version-history":[{"count":1,"href":"https:\/\/encuentroinformativo.com.mx\/index.php?rest_route=\/wp\/v2\/posts\/35051\/revisions"}],"predecessor-version":[{"id":35053,"href":"https:\/\/encuentroinformativo.com.mx\/index.php?rest_route=\/wp\/v2\/posts\/35051\/revisions\/35053"}],"wp:featuredmedia":[{"embeddable":true,"href":"https:\/\/encuentroinformativo.com.mx\/index.php?rest_route=\/wp\/v2\/media\/35052"}],"wp:attachment":[{"href":"https:\/\/encuentroinformativo.com.mx\/index.php?rest_route=%2Fwp%2Fv2%2Fmedia&parent=35051"}],"wp:term":[{"taxonomy":"category","embeddable":true,"href":"https:\/\/encuentroinformativo.com.mx\/index.php?rest_route=%2Fwp%2Fv2%2Fcategories&post=35051"},{"taxonomy":"post_tag","embeddable":true,"href":"https:\/\/encuentroinformativo.com.mx\/index.php?rest_route=%2Fwp%2Fv2%2Ftags&post=35051"}],"curies":[{"name":"wp","href":"https:\/\/api.w.org\/{rel}","templated":true}]}}