{"id":35056,"date":"2023-01-04T15:26:32","date_gmt":"2023-01-04T21:26:32","guid":{"rendered":"https:\/\/encuentroinformativo.com.mx\/?p=35056"},"modified":"2023-01-04T15:26:36","modified_gmt":"2023-01-04T21:26:36","slug":"lamentables-hechos-de-inseguridad-diputada","status":"publish","type":"post","link":"https:\/\/encuentroinformativo.com.mx\/?p=35056","title":{"rendered":"Lamentables hechos de inseguridad: Diputada"},"content":{"rendered":"\n<p><strong>Alejandro \u00c1vila<\/strong><\/p>\n\n\n\n<p>Veracruz, Ver.- El estado de Veracruz no debe seguir en 2023 el camino de la violencia, se\u00f1al\u00f3 la diputada local Ver\u00f3nica Pulido Herrera, qui\u00e9n lament\u00f3 los hechos de inseguridad ocurridos a finales del 2022 y principios de este nuevo a\u00f1o.<\/p>\n\n\n\n<p>Ante la creciente ola de inseguridad que prevalece en la entidad, la panista exhort\u00f3 al gobernador Cuitl\u00e1huac Garc\u00eda Jim\u00e9nez a mejorar las estrategias de seguridad y acabar con la impunidad imperante y&nbsp; brindar la paz y tranquilidad anhelada por los veracruzanos.&nbsp;<\/p>\n\n\n\n<p>&#8220;Este no es el Veracruz que nos prometieron, el Veracruz que queremos para nuestros hijos&#8221;, expres\u00f3.&nbsp;<\/p>\n\n\n\n<p>Lo vivido en la \u00faltima semana deja varias interrogantes, puntualiz\u00f3 Ver\u00f3nica Pulido.<\/p>\n\n\n\n<p>&#8220;\u00bfPorque la Fiscal\u00eda General de Veracruz solo report\u00f3 al Secretariado Ejecutivo del Sistema Nacional de Seguridad P\u00fablica, 19 de los 26 hechos delictivos que se dieron entre el 30 de diciembre y el 1 de enero?. Es evidente qu\u00e9 se trata de minimizar la realidad en la que vivimos, cuestion\u00f3.<\/p>\n\n\n\n<p>Tambi\u00e9n calific\u00f3 como un acto lamentable que el mandatario estatal haya reconocido que la mayor\u00eda de estos hechos estan vinculados a la delincuencia organizada, pero mas lamentable es saber que estos hechos se dan en municipios gobernados por Morena o partidos de su coalici\u00f3n.<\/p>\n\n\n\n<p>Ver\u00f3nica Pulido se\u00f1al\u00f3 qu\u00e9 es evidente que las estrategias de seguridad de la c<\/p>\n\n\n\n<p>Cuarta Transformaci\u00f3n, no son las adecuadas y suficientes para garantizar la paz a la ciudadan\u00eda.&nbsp;<\/p>\n\n\n\n<p>Adem\u00e1s, la legisladora veracruzana se refirio a los 3 feminicios ocurridos en los primeros 3 d\u00edas del a\u00f1o en Coatzacoalcos, Rodr\u00edguez Clara y Papantla, durante las primeras 48 horas del 2023.<\/p>\n\n\n\n<p>&#8220;Tambi\u00e9n hay malas noticias para las mujeres, ya se registraron los primeros feminicidios&#8221;, lament\u00f3.<\/p>\n\n\n\n<p>Para rematar, cuestion\u00f3 si finalmente se le dar\u00e1 atenci\u00f3n y seguimiento a las carpetas de investigaci\u00f3n de estos casos, aprehendiendo y d\u00e1ndoles penas m\u00e1s severas a los responsables.<\/p>\n\n\n\n<p>Esta, destac\u00f3, ser\u00e1 la \u00fanica manera de combatir la vulnerabilidad en la que se encuentran las mujeres.<\/p>\n","protected":false},"excerpt":{"rendered":"<p>Alejandro \u00c1vila Veracruz, Ver.- El estado de Veracruz no debe seguir en 2023 el camino de la violencia, se\u00f1al\u00f3 la diputada local Ver\u00f3nica Pulido Herrera, qui\u00e9n lament\u00f3 los hechos de inseguridad ocurridos a finales del 2022 y principios de este nuevo a\u00f1o. Ante la creciente ola de inseguridad que prevalece en la entidad, la panista [&hellip;]<\/p>\n","protected":false},"author":2476,"featured_media":35057,"comment_status":"open","ping_status":"open","sticky":false,"template":"","format":"standard","meta":{"_jetpack_memberships_contains_paid_content":false,"footnotes":""},"categories":[2],"tags":[],"class_list":["post-35056","post","type-post","status-publish","format-standard","has-post-thumbnail","hentry","category-estado"],"jetpack_featured_media_url":"https:\/\/encuentroinformativo.com.mx\/wp-content\/uploads\/2023\/01\/IMG-20230104-WA0036.jpg","jetpack_sharing_enabled":true,"jetpack_likes_enabled":true,"amp_enabled":true,"_links":{"self":[{"href":"https:\/\/encuentroinformativo.com.mx\/index.php?rest_route=\/wp\/v2\/posts\/35056","targetHints":{"allow":["GET"]}}],"collection":[{"href":"https:\/\/encuentroinformativo.com.mx\/index.php?rest_route=\/wp\/v2\/posts"}],"about":[{"href":"https:\/\/encuentroinformativo.com.mx\/index.php?rest_route=\/wp\/v2\/types\/post"}],"author":[{"embeddable":true,"href":"https:\/\/encuentroinformativo.com.mx\/index.php?rest_route=\/wp\/v2\/users\/2476"}],"replies":[{"embeddable":true,"href":"https:\/\/encuentroinformativo.com.mx\/index.php?rest_route=%2Fwp%2Fv2%2Fcomments&post=35056"}],"version-history":[{"count":1,"href":"https:\/\/encuentroinformativo.com.mx\/index.php?rest_route=\/wp\/v2\/posts\/35056\/revisions"}],"predecessor-version":[{"id":35058,"href":"https:\/\/encuentroinformativo.com.mx\/index.php?rest_route=\/wp\/v2\/posts\/35056\/revisions\/35058"}],"wp:featuredmedia":[{"embeddable":true,"href":"https:\/\/encuentroinformativo.com.mx\/index.php?rest_route=\/wp\/v2\/media\/35057"}],"wp:attachment":[{"href":"https:\/\/encuentroinformativo.com.mx\/index.php?rest_route=%2Fwp%2Fv2%2Fmedia&parent=35056"}],"wp:term":[{"taxonomy":"category","embeddable":true,"href":"https:\/\/encuentroinformativo.com.mx\/index.php?rest_route=%2Fwp%2Fv2%2Fcategories&post=35056"},{"taxonomy":"post_tag","embeddable":true,"href":"https:\/\/encuentroinformativo.com.mx\/index.php?rest_route=%2Fwp%2Fv2%2Ftags&post=35056"}],"curies":[{"name":"wp","href":"https:\/\/api.w.org\/{rel}","templated":true}]}}