{"id":35062,"date":"2023-01-04T15:35:38","date_gmt":"2023-01-04T21:35:38","guid":{"rendered":"https:\/\/encuentroinformativo.com.mx\/?p=35062"},"modified":"2023-01-04T15:35:42","modified_gmt":"2023-01-04T21:35:42","slug":"casi-un-mes-sin-noticias-de-fatima-cristal-reclaman-familiares","status":"publish","type":"post","link":"https:\/\/encuentroinformativo.com.mx\/?p=35062","title":{"rendered":"\u00a1Casi un mes!, sin noticias de F\u00e1tima Cristal; reclaman familiares"},"content":{"rendered":"\n<p><strong>Dar\u00edo Pale <\/strong><\/p>\n\n\n\n<p>Xalapa, Ver.- Guadalupe Romero Gonzales t\u00eda de F\u00e1tima Cristal Gonz\u00e1lez Patlas exige intervenci\u00f3n de Polic\u00eda Cibern\u00e9tica, esto ya que casi se cumple un mes de su desaparici\u00f3n y s\u00f3lo investiga la familia que a su vez entrega indicios a Fiscal\u00eda, adem\u00e1s dijo que &#8220;no les tengo miedo, expresa a extorsionadores&#8221;.<\/p>\n\n\n\n<p>En entrevista dio a conocer que las autoridades de diferentes comunidades le han dicho que a diario hay intentos y secuestros consumados de mujeres y ni\u00f1as en la zona.<\/p>\n\n\n\n<p>Lament\u00f3 que las autoridades contin\u00faen sin hacer su trabajo a casi un mes de su desaparici\u00f3n y exigi\u00f3 la intervenci\u00f3n de la Polic\u00eda Cibern\u00e9tica, as\u00ed de como de las autoridades federales.<\/p>\n\n\n\n<p>Y es que desde un inicio solicit\u00f3 que la Polic\u00eda Cibern\u00e9tica interviniera para poder tener indicios de su paradero, adem\u00e1s de que le han cambiado tres veces de fiscal, lo cual retrasa completamente la investigaci\u00f3n ante los pocos indicios que hay de la menor.<\/p>\n\n\n\n<p>Dio a conocer que este martes la carpeta fue dada a la fiscal Yarubi Quezada y en ese sentido, conf\u00eda en que pueda haber avances porque es mujer.<\/p>\n\n\n\n<p>&#8220;Hasta ahorita no han pedido la colaboraci\u00f3n de la cibern\u00e9tica de M\u00e9xico cuando yo les he pedido desde un principio que a trav\u00e9s de la cibern\u00e9tica podemos tener una pista de nuestra ni\u00f1a&#8221;, se\u00f1al\u00f3.<\/p>\n\n\n\n<p>&#8220;Las autoridades hasta ahorita que vengo a los medios se han puesto a trabajar, tres semanas antes dec\u00edan siempre lo mismo: que no se dan abasto, que tienen muchas carpetas&#8221;, agreg\u00f3.<\/p>\n\n\n\n<p>Romero Gonz\u00e1lez refiri\u00f3 que con base en publicaciones de Facebook de lugares como Villa Aldama, Perote y Colonia Libertad, diariamente la gente denuncia que se quieren llevar a mujeres, mientras que a otras s\u00ed se las llevan.<\/p>\n\n\n\n<p>&#8220;Yo me he entrevistado con los comisariados ejidales y es lo que me dicen: aqu\u00ed no hay seguridad, a diario intentan llevarse a ni\u00f1as y mujeres de est\u00e1s localidades. Pido m\u00e1s seguridad para estas localidades y que la Fiscal\u00eda avance en sus investigaciones. Yo a diario salgo a investigar, a preguntar y voy dando con m\u00e1s indicios, con m\u00e1s pistas y la Fiscal\u00eda s\u00f3lo se basa en lo que nosotros les decimos&#8221;, coment\u00f3.<\/p>\n\n\n\n<p>Revel\u00f3 que cada vez que da una conferencia de prensa recibe m\u00faltiples llamadas de extorsi\u00f3n de personas que aseguran tener a F\u00e1tima, pero al pedir una prueba de vida no sucede nada y entonces cesan las llamadas.<\/p>\n\n\n\n<p>Finalmente se\u00f1al\u00f3 que presentar\u00e1 las denuncias correspondientes por esas llamadas y mensajes, &#8220;no les tengo miedo, miedo me da no volver a ver a mi sobrina, ese es mi \u00fanico miedo, miedo de que este sufriendo mi ni\u00f1a. Yo ya viv\u00ed casi 40 a\u00f1os, tengo temor por lo que este viviendo mi ni\u00f1a, pero a m\u00ed aunque me llamen, me mensajeen, no les tengo miedo aunque me amenacen. Yo conf\u00edo en Dios y en que la ley del Karma les har\u00e1 pagar a todos esos extorsionadores&#8221;.<\/p>\n","protected":false},"excerpt":{"rendered":"<p>Dar\u00edo Pale Xalapa, Ver.- Guadalupe Romero Gonzales t\u00eda de F\u00e1tima Cristal Gonz\u00e1lez Patlas exige intervenci\u00f3n de Polic\u00eda Cibern\u00e9tica, esto ya que casi se cumple un mes de su desaparici\u00f3n y s\u00f3lo investiga la familia que a su vez entrega indicios a Fiscal\u00eda, adem\u00e1s dijo que &#8220;no les tengo miedo, expresa a extorsionadores&#8221;. En entrevista dio [&hellip;]<\/p>\n","protected":false},"author":2476,"featured_media":35063,"comment_status":"open","ping_status":"open","sticky":false,"template":"","format":"standard","meta":{"_jetpack_memberships_contains_paid_content":false,"footnotes":""},"categories":[8],"tags":[],"class_list":["post-35062","post","type-post","status-publish","format-standard","has-post-thumbnail","hentry","category-region"],"jetpack_featured_media_url":"https:\/\/encuentroinformativo.com.mx\/wp-content\/uploads\/2023\/01\/DSC_4130.jpeg","jetpack_sharing_enabled":true,"jetpack_likes_enabled":true,"amp_enabled":true,"_links":{"self":[{"href":"https:\/\/encuentroinformativo.com.mx\/index.php?rest_route=\/wp\/v2\/posts\/35062","targetHints":{"allow":["GET"]}}],"collection":[{"href":"https:\/\/encuentroinformativo.com.mx\/index.php?rest_route=\/wp\/v2\/posts"}],"about":[{"href":"https:\/\/encuentroinformativo.com.mx\/index.php?rest_route=\/wp\/v2\/types\/post"}],"author":[{"embeddable":true,"href":"https:\/\/encuentroinformativo.com.mx\/index.php?rest_route=\/wp\/v2\/users\/2476"}],"replies":[{"embeddable":true,"href":"https:\/\/encuentroinformativo.com.mx\/index.php?rest_route=%2Fwp%2Fv2%2Fcomments&post=35062"}],"version-history":[{"count":1,"href":"https:\/\/encuentroinformativo.com.mx\/index.php?rest_route=\/wp\/v2\/posts\/35062\/revisions"}],"predecessor-version":[{"id":35064,"href":"https:\/\/encuentroinformativo.com.mx\/index.php?rest_route=\/wp\/v2\/posts\/35062\/revisions\/35064"}],"wp:featuredmedia":[{"embeddable":true,"href":"https:\/\/encuentroinformativo.com.mx\/index.php?rest_route=\/wp\/v2\/media\/35063"}],"wp:attachment":[{"href":"https:\/\/encuentroinformativo.com.mx\/index.php?rest_route=%2Fwp%2Fv2%2Fmedia&parent=35062"}],"wp:term":[{"taxonomy":"category","embeddable":true,"href":"https:\/\/encuentroinformativo.com.mx\/index.php?rest_route=%2Fwp%2Fv2%2Fcategories&post=35062"},{"taxonomy":"post_tag","embeddable":true,"href":"https:\/\/encuentroinformativo.com.mx\/index.php?rest_route=%2Fwp%2Fv2%2Ftags&post=35062"}],"curies":[{"name":"wp","href":"https:\/\/api.w.org\/{rel}","templated":true}]}}