{"id":35077,"date":"2023-01-04T16:10:48","date_gmt":"2023-01-04T22:10:48","guid":{"rendered":"https:\/\/encuentroinformativo.com.mx\/?p=35077"},"modified":"2023-01-04T16:10:52","modified_gmt":"2023-01-04T22:10:52","slug":"sin-toque-de-queda-en-poza-rica-gobernador","status":"publish","type":"post","link":"https:\/\/encuentroinformativo.com.mx\/?p=35077","title":{"rendered":"Sin &#8216;toque de queda&#8217; en Poza Rica: Gobernador"},"content":{"rendered":"\n<p><strong>Juan Arcos <\/strong><\/p>\n\n\n\n<p>Xalapa, Ver.- El gobernador de Veracruz, Cuitl\u00e1huac Garc\u00eda Jim\u00e9nez, neg\u00f3 que en el municipio de Poza Rica haya \u201ctoque de queda\u201d, como lo hab\u00eda anunciado un grupo delictivo en redes sociales, que se adjudic\u00f3 los atentados a tres bates que dejaron ocho personas fallecidas, la noche del pasado domingo primero de enero.<\/p>\n\n\n\n<p>En conferencia de prensa, realizada en el municipio de C\u00f3rdoba, el mandatario estatal asegur\u00f3 que ya han sido detenidas m\u00e1s de cuatro personas por la ola de violencia registrada en Poza Rica durante el inicio de este a\u00f1o 2023.<\/p>\n\n\n\n<p>Un video circula en redes sociales donde se observa a un grupo de hombres encapuchados y fuertemente armados que dicen pertenecer a una banda del crimen organizado, que se atribuye los ataques armados a las tres cantinas.<\/p>\n\n\n\n<p>En la grabaci\u00f3n, los delincuentes amenazan a un grupo contrario y decretan un presunto \u201ctoque de queda\u201d, para que a partir de las ocho de la noche no haya bares, cantinas, hoteles ni taxistas o ser\u00edan tomados como objetivos contrarios.<\/p>\n\n\n\n<p>Autoridades estatales indicaron que los hechos violentos del pasado domingo estar\u00edan ligados a ajustes de cuentas entre bandas de la delincuencia organizada que operan en la zona norte de la entidad.<\/p>\n\n\n\n<p>&#8220;Hoy nos confirma la Fiscal que hay m\u00e1s de cuatro detenidos que est\u00e1n en el proceso, que tenemos que cuidarlo, y que cuando est\u00e9n en esta etapa de que el Juez de Control determina que es v\u00e1lida la detenci\u00f3n pasar\u00e1n al proceso de vinculaci\u00f3n. Son ocho v\u00edctimas con una sola l\u00ednea de investigaci\u00f3n, tienen que ver con ajuste de cuentas entre la delincuencia organizada en Poza Rica y fue en bares donde vend\u00edan droga&#8221;, expres\u00f3 el Gobernador.<\/p>\n\n\n\n<p>Pobladores de Poza Rica comentaron que no hay \u201ctoque de queda\u201d en esta ciudad petrolera, pero confirmaron que las familias a\u00fan perciben un ambiente de inseguridad tras lo ocurrido el pasado fin de semana.<\/p>\n\n\n\n<p>Los multihomicidios ocurrieron en el bar \u201cMolino Rojo\u201d, de la colonia Manuel \u00c1vila Camacho; en la cantina \u201cEl Manguito\u201d, de la colonia Vicente Herrera; otro ataque se registr\u00f3 sobre el Bulevar Central Poniente, de la colonia Petromex; y uno m\u00e1s en el bar \u201cEl Cafre\u201d, de la colonia Taj\u00edn.<\/p>\n\n\n\n<p>De acuerdo con testigos, en algunos casos, los homicidas utilizaron armas de alto poder y sobre algunos cad\u00e1veres dejaron cartulinas con mensajes amenazantes.<\/p>\n\n\n\n<p>Los ataques armados ocasionaron una fuerte movilizaci\u00f3n policiaca por parte de las fuerzas federales y estatales, cuyas acciones de seguridad se mantienen en la zona.<\/p>\n","protected":false},"excerpt":{"rendered":"<p>Juan Arcos Xalapa, Ver.- El gobernador de Veracruz, Cuitl\u00e1huac Garc\u00eda Jim\u00e9nez, neg\u00f3 que en el municipio de Poza Rica haya \u201ctoque de queda\u201d, como lo hab\u00eda anunciado un grupo delictivo en redes sociales, que se adjudic\u00f3 los atentados a tres bates que dejaron ocho personas fallecidas, la noche del pasado domingo primero de enero. En [&hellip;]<\/p>\n","protected":false},"author":2476,"featured_media":35078,"comment_status":"open","ping_status":"open","sticky":false,"template":"","format":"standard","meta":{"_jetpack_memberships_contains_paid_content":false,"footnotes":""},"categories":[2],"tags":[],"class_list":["post-35077","post","type-post","status-publish","format-standard","has-post-thumbnail","hentry","category-estado"],"jetpack_featured_media_url":"https:\/\/encuentroinformativo.com.mx\/wp-content\/uploads\/2023\/01\/2b15d6d7-b3cb-4026-a429-a42cb4c3200e.jpg","jetpack_sharing_enabled":true,"jetpack_likes_enabled":true,"amp_enabled":true,"_links":{"self":[{"href":"https:\/\/encuentroinformativo.com.mx\/index.php?rest_route=\/wp\/v2\/posts\/35077","targetHints":{"allow":["GET"]}}],"collection":[{"href":"https:\/\/encuentroinformativo.com.mx\/index.php?rest_route=\/wp\/v2\/posts"}],"about":[{"href":"https:\/\/encuentroinformativo.com.mx\/index.php?rest_route=\/wp\/v2\/types\/post"}],"author":[{"embeddable":true,"href":"https:\/\/encuentroinformativo.com.mx\/index.php?rest_route=\/wp\/v2\/users\/2476"}],"replies":[{"embeddable":true,"href":"https:\/\/encuentroinformativo.com.mx\/index.php?rest_route=%2Fwp%2Fv2%2Fcomments&post=35077"}],"version-history":[{"count":1,"href":"https:\/\/encuentroinformativo.com.mx\/index.php?rest_route=\/wp\/v2\/posts\/35077\/revisions"}],"predecessor-version":[{"id":35079,"href":"https:\/\/encuentroinformativo.com.mx\/index.php?rest_route=\/wp\/v2\/posts\/35077\/revisions\/35079"}],"wp:featuredmedia":[{"embeddable":true,"href":"https:\/\/encuentroinformativo.com.mx\/index.php?rest_route=\/wp\/v2\/media\/35078"}],"wp:attachment":[{"href":"https:\/\/encuentroinformativo.com.mx\/index.php?rest_route=%2Fwp%2Fv2%2Fmedia&parent=35077"}],"wp:term":[{"taxonomy":"category","embeddable":true,"href":"https:\/\/encuentroinformativo.com.mx\/index.php?rest_route=%2Fwp%2Fv2%2Fcategories&post=35077"},{"taxonomy":"post_tag","embeddable":true,"href":"https:\/\/encuentroinformativo.com.mx\/index.php?rest_route=%2Fwp%2Fv2%2Ftags&post=35077"}],"curies":[{"name":"wp","href":"https:\/\/api.w.org\/{rel}","templated":true}]}}