{"id":35093,"date":"2023-01-05T00:11:02","date_gmt":"2023-01-05T06:11:02","guid":{"rendered":"https:\/\/encuentroinformativo.com.mx\/?p=35093"},"modified":"2023-01-05T00:11:06","modified_gmt":"2023-01-05T06:11:06","slug":"tejav-se-quedo-sin-pleno-renuncio-magistrada","status":"publish","type":"post","link":"https:\/\/encuentroinformativo.com.mx\/?p=35093","title":{"rendered":"TEJAV se qued\u00f3 sin pleno, renunci\u00f3 magistrada"},"content":{"rendered":"\n<p><strong>Juan Arcos<\/strong> <\/p>\n\n\n\n<p>Xalapa, Ver.- El Tribunal Estatal de Justicia Administrativa (Tejav) se qued\u00f3 sin pleno debido a que la magistrada Luisa Samaniego Ram\u00edrez present\u00f3 su renuncia la tarde de este mi\u00e9rcoles 4 de enero.<\/p>\n\n\n\n<p>Esto fue confirmado al interior de dicho organismo, cuyas oficinas se encuentran sitiadas por polic\u00edas estatales en la Torre El Olmo, ubicada en la zona sur de esta ciudad de Xalapa.<\/p>\n\n\n\n<p>Cabe recordar que el pasado 30 de diciembre la Suprema Corte de Justicia de la Naci\u00f3n (SCJN) emiti\u00f3 una resoluci\u00f3n que deja sin efecto el reci\u00e9n nombramiento de los magistrados del Tribunal de Justicia Administrativa del Estado de Veracruz (Trijaev).<\/p>\n\n\n\n<p>El presidente del Tejav, Roberto Alejandro P\u00e9rez Guti\u00e9rrez, no ha informado si desistir\u00e1n o se mantendr\u00e1n firmes en el \u00f3rgano, amparados en la resoluci\u00f3n de la Suprema Corte.<\/p>\n\n\n\n<p>La m\u00e1xima autoridad judicial en el pa\u00eds invalid\u00f3 los nombramientos de Leticia Aguilar Jim\u00e9nez, Rosalba Garc\u00eda Salazar, Diana Or\u00f3stegui, Jaziel Cabrera Pacheco, Roberto Sigala Aguilar y Rub\u00e9n Hern\u00e1ndez Mendiola, quienes encabezar\u00edan el Trijaev y sesionaron el pasado 29 de diciembre.<\/p>\n\n\n\n<p>Desde la madrugada, los magistrados que reci\u00e9n eligi\u00f3 el Congreso local ingresaron a la torre El Olmo para ganarles el espacio a los magistrados del Tribunal Estatal de Justicia Administrativa, quienes hab\u00edan anunciado la tarde noche del martes que regresar\u00edan de manera normal a sus labores jurisdiccionales.<\/p>\n\n\n\n<p>Por ese motivo, se despleg\u00f3 el operativo por parte de la Secretar\u00eda de Seguridad P\u00fablica (SSP) para evitar conflictos entre ambos grupos de magistrados.<\/p>\n\n\n\n<p>Los magistrados del Tribunal Estatal de Justicia Administrativa promovieron la controversia constitucional 266\/2022 ante el m\u00e1ximo tribunal del pa\u00eds, para evitar que fueran cesados de su cargo.<\/p>\n\n\n\n<p>La Suprema Corte concedi\u00f3 una suspensi\u00f3n a los magistrados del Tejav, por lo que Roberto Alejandro P\u00e9rez Guti\u00e9rrez, Pedro Jos\u00e9 Mar\u00eda Garc\u00eda Monta\u00f1ez, Luisa Samaniego Ram\u00edrez y Estrella Alhely Iglesias Guti\u00e9rrez podr\u00edan seguir en funciones.<\/p>\n\n\n\n<p>Sin embargo, la renuncia de la magistrada Samaniego Ram\u00edrez permitir\u00eda el inicio de funciones de los magistrados del Trijaev.<\/p>\n","protected":false},"excerpt":{"rendered":"<p>Juan Arcos Xalapa, Ver.- El Tribunal Estatal de Justicia Administrativa (Tejav) se qued\u00f3 sin pleno debido a que la magistrada Luisa Samaniego Ram\u00edrez present\u00f3 su renuncia la tarde de este mi\u00e9rcoles 4 de enero. Esto fue confirmado al interior de dicho organismo, cuyas oficinas se encuentran sitiadas por polic\u00edas estatales en la Torre El Olmo, [&hellip;]<\/p>\n","protected":false},"author":2476,"featured_media":35094,"comment_status":"open","ping_status":"open","sticky":false,"template":"","format":"standard","meta":{"_jetpack_memberships_contains_paid_content":false,"footnotes":""},"categories":[2],"tags":[],"class_list":["post-35093","post","type-post","status-publish","format-standard","has-post-thumbnail","hentry","category-estado"],"jetpack_featured_media_url":"https:\/\/encuentroinformativo.com.mx\/wp-content\/uploads\/2023\/01\/IMG_82002.jpg","jetpack_sharing_enabled":true,"jetpack_likes_enabled":true,"amp_enabled":true,"_links":{"self":[{"href":"https:\/\/encuentroinformativo.com.mx\/index.php?rest_route=\/wp\/v2\/posts\/35093","targetHints":{"allow":["GET"]}}],"collection":[{"href":"https:\/\/encuentroinformativo.com.mx\/index.php?rest_route=\/wp\/v2\/posts"}],"about":[{"href":"https:\/\/encuentroinformativo.com.mx\/index.php?rest_route=\/wp\/v2\/types\/post"}],"author":[{"embeddable":true,"href":"https:\/\/encuentroinformativo.com.mx\/index.php?rest_route=\/wp\/v2\/users\/2476"}],"replies":[{"embeddable":true,"href":"https:\/\/encuentroinformativo.com.mx\/index.php?rest_route=%2Fwp%2Fv2%2Fcomments&post=35093"}],"version-history":[{"count":1,"href":"https:\/\/encuentroinformativo.com.mx\/index.php?rest_route=\/wp\/v2\/posts\/35093\/revisions"}],"predecessor-version":[{"id":35095,"href":"https:\/\/encuentroinformativo.com.mx\/index.php?rest_route=\/wp\/v2\/posts\/35093\/revisions\/35095"}],"wp:featuredmedia":[{"embeddable":true,"href":"https:\/\/encuentroinformativo.com.mx\/index.php?rest_route=\/wp\/v2\/media\/35094"}],"wp:attachment":[{"href":"https:\/\/encuentroinformativo.com.mx\/index.php?rest_route=%2Fwp%2Fv2%2Fmedia&parent=35093"}],"wp:term":[{"taxonomy":"category","embeddable":true,"href":"https:\/\/encuentroinformativo.com.mx\/index.php?rest_route=%2Fwp%2Fv2%2Fcategories&post=35093"},{"taxonomy":"post_tag","embeddable":true,"href":"https:\/\/encuentroinformativo.com.mx\/index.php?rest_route=%2Fwp%2Fv2%2Ftags&post=35093"}],"curies":[{"name":"wp","href":"https:\/\/api.w.org\/{rel}","templated":true}]}}