{"id":35097,"date":"2023-01-05T01:27:29","date_gmt":"2023-01-05T07:27:29","guid":{"rendered":"https:\/\/encuentroinformativo.com.mx\/?p=35097"},"modified":"2023-01-05T01:27:33","modified_gmt":"2023-01-05T07:27:33","slug":"con-marcha-familiares-reclaman-aparicion-de-fatima-cristal","status":"publish","type":"post","link":"https:\/\/encuentroinformativo.com.mx\/?p=35097","title":{"rendered":"Con marcha, familiares reclaman aparici\u00f3n de F\u00e1tima Cristal"},"content":{"rendered":"\n<p><strong>Juan Arcos<\/strong><\/p>\n\n\n\n<p>Xalapa, Ver.- Familiares de F\u00e1tima Cristal Gonz\u00e1lez Patlas marcharon en esta ciudad de Xalapa, la noche de este mi\u00e9rcoles 4 de enero, para exigir la aparici\u00f3n con vida de la adolescente, de 14 a\u00f1os, originaria del municipio de Villa Aldama.<\/p>\n\n\n\n<p>Las personas se concentraron afuera del parque \u201cLos Tecajetes\u201d y despu\u00e9s caminaron sobre la avenida Manuel \u00c1vila Camacho.<\/p>\n\n\n\n<p>Hicieron una parada frente a las oficinas de la Unidad Integral de Procuraci\u00f3n de Justicia, donde lanzaron consignas para exigir a la Fiscal\u00eda General del Estado (FGE) que agilice las investigaciones.<\/p>\n\n\n\n<p>\u201cPorque viva se la llevaron, viva la queremos\u201d, gritaron una y otra vez cuando se dirig\u00edan hacia Plaza Sebasti\u00e1n Lerdo de Tejada, en busca de que los escucharan las autoridades en Palacio de Gobierno.<\/p>\n\n\n\n<p>Se trat\u00f3 de un contingente de unas 50 personas que portaba una lona de varios metros de longitud, con el mensaje: \u201cse recompensar\u00e1 $$$$ a quien d\u00e9 informaci\u00f3n de d\u00f3nde encontrarla\u201d<\/p>\n\n\n\n<p>La joven desapareci\u00f3 el pasado 9 de diciembre. Fue vista por \u00faltima vez en la zona centro de Villa Aldama, un municipio que se encuentra en el Valle de Perote.<\/p>\n\n\n\n<p>Rub\u00ed Gonz\u00e1lez, t\u00eda de F\u00e1tima, denunci\u00f3 con l\u00e1grimas en el rostro que ha habido omisiones por parte de autoridades estatales p teara la localizaci\u00f3n de la menor.<\/p>\n\n\n\n<p>\u201cS\u00e9 que no debo parar en buscar a mi ni\u00f1a. Ella ha sufrido mucho en su infancia, ella merece ser feliz\u201d, expres\u00f3 con la voz entrecortada.<\/p>\n\n\n\n<p>Tambi\u00e9n participaron en la marcha familiares de Juan Luis Guevara Zavala desaparecido el pasado 16 de diciembre en el municipio de Actopan, por lo que tambi\u00e9n exigen su aparici\u00f3n con vida.<\/p>\n\n\n\n<figure class=\"wp-block-image size-large\"><img loading=\"lazy\" decoding=\"async\" width=\"1024\" height=\"683\" src=\"https:\/\/encuentroinformativo.com.mx\/wp-content\/uploads\/2023\/01\/Photo_1672899832696-1024x683.jpg\" alt=\"\" class=\"wp-image-35099\" srcset=\"https:\/\/encuentroinformativo.com.mx\/wp-content\/uploads\/2023\/01\/Photo_1672899832696-1024x683.jpg 1024w, https:\/\/encuentroinformativo.com.mx\/wp-content\/uploads\/2023\/01\/Photo_1672899832696-300x200.jpg 300w, https:\/\/encuentroinformativo.com.mx\/wp-content\/uploads\/2023\/01\/Photo_1672899832696-768x512.jpg 768w, https:\/\/encuentroinformativo.com.mx\/wp-content\/uploads\/2023\/01\/Photo_1672899832696.jpg 1280w\" sizes=\"auto, (max-width: 1024px) 100vw, 1024px\" \/><\/figure>\n\n\n\n<figure class=\"wp-block-image size-large\"><img loading=\"lazy\" decoding=\"async\" width=\"1024\" height=\"683\" src=\"https:\/\/encuentroinformativo.com.mx\/wp-content\/uploads\/2023\/01\/Photo_1672899572751-1024x683.jpg\" alt=\"\" class=\"wp-image-35100\" srcset=\"https:\/\/encuentroinformativo.com.mx\/wp-content\/uploads\/2023\/01\/Photo_1672899572751-1024x683.jpg 1024w, https:\/\/encuentroinformativo.com.mx\/wp-content\/uploads\/2023\/01\/Photo_1672899572751-300x200.jpg 300w, https:\/\/encuentroinformativo.com.mx\/wp-content\/uploads\/2023\/01\/Photo_1672899572751-768x512.jpg 768w, https:\/\/encuentroinformativo.com.mx\/wp-content\/uploads\/2023\/01\/Photo_1672899572751.jpg 1280w\" sizes=\"auto, (max-width: 1024px) 100vw, 1024px\" \/><\/figure>\n","protected":false},"excerpt":{"rendered":"<p>Juan Arcos Xalapa, Ver.- Familiares de F\u00e1tima Cristal Gonz\u00e1lez Patlas marcharon en esta ciudad de Xalapa, la noche de este mi\u00e9rcoles 4 de enero, para exigir la aparici\u00f3n con vida de la adolescente, de 14 a\u00f1os, originaria del municipio de Villa Aldama. Las personas se concentraron afuera del parque \u201cLos Tecajetes\u201d y despu\u00e9s caminaron sobre [&hellip;]<\/p>\n","protected":false},"author":2476,"featured_media":35098,"comment_status":"open","ping_status":"open","sticky":false,"template":"","format":"standard","meta":{"_jetpack_memberships_contains_paid_content":false,"footnotes":""},"categories":[3],"tags":[],"class_list":["post-35097","post","type-post","status-publish","format-standard","has-post-thumbnail","hentry","category-xalapa"],"jetpack_featured_media_url":"https:\/\/encuentroinformativo.com.mx\/wp-content\/uploads\/2023\/01\/Photo_1672899757494.jpg","jetpack_sharing_enabled":true,"jetpack_likes_enabled":true,"amp_enabled":true,"_links":{"self":[{"href":"https:\/\/encuentroinformativo.com.mx\/index.php?rest_route=\/wp\/v2\/posts\/35097","targetHints":{"allow":["GET"]}}],"collection":[{"href":"https:\/\/encuentroinformativo.com.mx\/index.php?rest_route=\/wp\/v2\/posts"}],"about":[{"href":"https:\/\/encuentroinformativo.com.mx\/index.php?rest_route=\/wp\/v2\/types\/post"}],"author":[{"embeddable":true,"href":"https:\/\/encuentroinformativo.com.mx\/index.php?rest_route=\/wp\/v2\/users\/2476"}],"replies":[{"embeddable":true,"href":"https:\/\/encuentroinformativo.com.mx\/index.php?rest_route=%2Fwp%2Fv2%2Fcomments&post=35097"}],"version-history":[{"count":1,"href":"https:\/\/encuentroinformativo.com.mx\/index.php?rest_route=\/wp\/v2\/posts\/35097\/revisions"}],"predecessor-version":[{"id":35101,"href":"https:\/\/encuentroinformativo.com.mx\/index.php?rest_route=\/wp\/v2\/posts\/35097\/revisions\/35101"}],"wp:featuredmedia":[{"embeddable":true,"href":"https:\/\/encuentroinformativo.com.mx\/index.php?rest_route=\/wp\/v2\/media\/35098"}],"wp:attachment":[{"href":"https:\/\/encuentroinformativo.com.mx\/index.php?rest_route=%2Fwp%2Fv2%2Fmedia&parent=35097"}],"wp:term":[{"taxonomy":"category","embeddable":true,"href":"https:\/\/encuentroinformativo.com.mx\/index.php?rest_route=%2Fwp%2Fv2%2Fcategories&post=35097"},{"taxonomy":"post_tag","embeddable":true,"href":"https:\/\/encuentroinformativo.com.mx\/index.php?rest_route=%2Fwp%2Fv2%2Ftags&post=35097"}],"curies":[{"name":"wp","href":"https:\/\/api.w.org\/{rel}","templated":true}]}}