{"id":35102,"date":"2023-01-05T12:08:16","date_gmt":"2023-01-05T18:08:16","guid":{"rendered":"https:\/\/encuentroinformativo.com.mx\/?p=35102"},"modified":"2023-01-05T12:08:19","modified_gmt":"2023-01-05T18:08:19","slug":"pan-y-yunes","status":"publish","type":"post","link":"https:\/\/encuentroinformativo.com.mx\/?p=35102","title":{"rendered":"PAN Y YUNES"},"content":{"rendered":"\n<p><strong>Los Pol\u00edticos<\/strong><\/p>\n\n\n\n<p><strong>Salvador Mu\u00f1oz<\/strong><\/p>\n\n\n\n<p>La foto que circul\u00f3 hace dos d\u00edas de tres diputados del PAN quienes daban su posicionamiento respecto a la resoluci\u00f3n de la SCJN sobre el Trijaev, dio para que algunos percibieran que este partido s\u00f3lo est\u00e1 concentrado en un punto de la entidad: el Puerto.<\/p>\n\n\n\n<p>En esa foto, aparecen Vero Pulido, Jaime de la Garza y Miguel Hermida, dos legisladores uninominales y una pluri.<\/p>\n\n\n\n<p>Hay que destacar tambi\u00e9n que en el Congreso local, a la hora de pasar a tribuna, los \u201cjarocho power\u201d azules son los que hacen derramar la bilis a m\u00e1s de un moreno con sus exposiciones y argumentos.<\/p>\n\n\n\n<p>Precisamos \u201cazules\u201d porque es esta zona conurbada la que arroja un interesante n\u00famero de diputados de al menos tres fuerzas legislativas: dos del PRI, con Marlon y Anil\u00fa; El Huevo Arteaga, El Diputade Chincoya y Maleno, por Morena; y la del PAN\u2026<\/p>\n\n\n\n<p>Por la raz\u00f3n de que alcen la voz los dipute\u00f1os (diputados porte\u00f1os) desde el municipio de Veracruz, es que algunos atribuyen dicho posicionamiento como punta de lanza de los Yunes. Es posible\u2026 hay afinidad, misma que pesa igual en los legisladores federales Carlos Valenzuela y Maryjose Gamboa, as\u00ed como en la senadora Indira\u2026 pero tambi\u00e9n es innegable que el PAN, durante la \u00faltima d\u00e9cada del siglo pasado y parte del nuevo siglo, se asent\u00f3 en la zona conurbada y pint\u00f3 otros municipios como C\u00f3rdoba y Orizaba en lo que alguna vez se hizo llamar \u201cEl Corredor Azul\u201d&#8230;<\/p>\n\n\n\n<p>De cierto modo, por esa afinidad de al menos estos tres legisladores locales, tanto en el panismo como fuera de \u00e9ste, es que se hace de los Yunes, un Cid Campeador o siendo m\u00e1s modernos, un Keyser S\u00f6ze\u2026 porque de un modo u otro se habla de los Yunes con miedo, con respeto, con precauci\u00f3n, aun cuando vociferen contra ellos\u2026<\/p>\n\n\n\n<p>Decir los Yunes tambi\u00e9n implica un todo y un ninguno\u2026 una trinidad por un lado, o un Todopoderoso, por el otro\u2026<\/p>\n\n\n\n<p>Si se refiere en plural, va impl\u00edcito Chiquiyunes, Chiquinando y don Miguel\u2026 si se hablara de Yunes, se entiende que es el Viejo, entendiendo el calificativo como del que sabe del teje y maneje de la pol\u00edtica a gran escala.<\/p>\n\n\n\n<p>Ahora, sea porque salen a palestra los diputados Vero Pulido, Jaime de la Garza y Miguel Hermida, sea adentro o afuera del panismo, se le da voz a los Yunes\u2026 Y si se es terso, a la hora de citar a la alcaldesa del Puerto jarocho, se mantiene latente el apellido: Paty Lobeira de Yunes.<\/p>\n\n\n\n<p>Como sea, el apellido Yunes persiste en nuestra pol\u00edtica local\u2026 los tenemos azules, los tenemos rojos, los tenemos naranja y hasta los tenemos color rosa\u2026 y curiosamente de todos \u00e9stos, s\u00f3lo uno tiene representaci\u00f3n v\u00eda pluri, en el Congreso federal\u2026 dos de \u00e9stos, con cargo en partidos pol\u00edticos (Movimiento Ciudadano y Fuerza por M\u00e9xico) y el resto, en la banca aunque solo el T\u00edo H\u00e9ctor hace ruido en sus redes\u2026 y no obstante ello, son los m\u00e1s callados a los que m\u00e1s ruido les adjudican\u2026<\/p>\n\n\n\n<p>No deja de ser un fen\u00f3meno pol\u00edtico interesante el juego que juegan los Yunes azules sin estar en el campo, porque les atribuyen un liderazgo m\u00edtico; aunque la \u00fanica duda que tengo y me generan, es si ser\u00e1n capaz de entender ellos, los Yunes, que no son el PAN, porque me queda claro que para muchos panistas, los ven as\u00ed\u2026 ojal\u00e1 y no\u2026 porque al menos en lo que va de este siglo, en su historia reciente, PAN y Yunes vinieron a hacer historia al darle a Veracruz, la alternancia que necesitaba, y para seguir haciendo historia, se necesita de los dos\u2026 est\u00e1n en tiempo, PAN y Yunes, de ser pol\u00edticos para hacer pol\u00edtica.<\/p>\n","protected":false},"excerpt":{"rendered":"<p>Los Pol\u00edticos Salvador Mu\u00f1oz La foto que circul\u00f3 hace dos d\u00edas de tres diputados del PAN quienes daban su posicionamiento respecto a la resoluci\u00f3n de la SCJN sobre el Trijaev, dio para que algunos percibieran que este partido s\u00f3lo est\u00e1 concentrado en un punto de la entidad: el Puerto. En esa foto, aparecen Vero Pulido, [&hellip;]<\/p>\n","protected":false},"author":2476,"featured_media":387,"comment_status":"open","ping_status":"open","sticky":false,"template":"","format":"standard","meta":{"_jetpack_memberships_contains_paid_content":false,"footnotes":""},"categories":[11],"tags":[],"class_list":["post-35102","post","type-post","status-publish","format-standard","has-post-thumbnail","hentry","category-opinion"],"jetpack_featured_media_url":"https:\/\/encuentroinformativo.com.mx\/wp-content\/uploads\/2020\/03\/7CF8A22B-2764-47BE-8F7F-38FE9E5D6A2F.jpeg","jetpack_sharing_enabled":true,"jetpack_likes_enabled":true,"amp_enabled":true,"_links":{"self":[{"href":"https:\/\/encuentroinformativo.com.mx\/index.php?rest_route=\/wp\/v2\/posts\/35102","targetHints":{"allow":["GET"]}}],"collection":[{"href":"https:\/\/encuentroinformativo.com.mx\/index.php?rest_route=\/wp\/v2\/posts"}],"about":[{"href":"https:\/\/encuentroinformativo.com.mx\/index.php?rest_route=\/wp\/v2\/types\/post"}],"author":[{"embeddable":true,"href":"https:\/\/encuentroinformativo.com.mx\/index.php?rest_route=\/wp\/v2\/users\/2476"}],"replies":[{"embeddable":true,"href":"https:\/\/encuentroinformativo.com.mx\/index.php?rest_route=%2Fwp%2Fv2%2Fcomments&post=35102"}],"version-history":[{"count":1,"href":"https:\/\/encuentroinformativo.com.mx\/index.php?rest_route=\/wp\/v2\/posts\/35102\/revisions"}],"predecessor-version":[{"id":35103,"href":"https:\/\/encuentroinformativo.com.mx\/index.php?rest_route=\/wp\/v2\/posts\/35102\/revisions\/35103"}],"wp:featuredmedia":[{"embeddable":true,"href":"https:\/\/encuentroinformativo.com.mx\/index.php?rest_route=\/wp\/v2\/media\/387"}],"wp:attachment":[{"href":"https:\/\/encuentroinformativo.com.mx\/index.php?rest_route=%2Fwp%2Fv2%2Fmedia&parent=35102"}],"wp:term":[{"taxonomy":"category","embeddable":true,"href":"https:\/\/encuentroinformativo.com.mx\/index.php?rest_route=%2Fwp%2Fv2%2Fcategories&post=35102"},{"taxonomy":"post_tag","embeddable":true,"href":"https:\/\/encuentroinformativo.com.mx\/index.php?rest_route=%2Fwp%2Fv2%2Ftags&post=35102"}],"curies":[{"name":"wp","href":"https:\/\/api.w.org\/{rel}","templated":true}]}}