{"id":35113,"date":"2023-01-05T13:55:29","date_gmt":"2023-01-05T19:55:29","guid":{"rendered":"https:\/\/encuentroinformativo.com.mx\/?p=35113"},"modified":"2023-01-05T13:55:33","modified_gmt":"2023-01-05T19:55:33","slug":"acusan-despidos-injustificados-en-sesver-2","status":"publish","type":"post","link":"https:\/\/encuentroinformativo.com.mx\/?p=35113","title":{"rendered":"Acusan despidos injustificados en SESVER"},"content":{"rendered":"\n<p><strong>Dar\u00edo Pale<\/strong> <\/p>\n\n\n\n<p>Xalapa, Ver.- Denuncian ceses injustificados en la Direcci\u00f3n de Protecci\u00f3n contra Riesgos Sanitarios, el motivo, se\u00f1alan los trabajadores, fue exigir espacios laborales, as\u00ed lo dio a conocer Norma Lidia Casas Fern\u00e1ndez, de los Servicios de Salud de Veracruz.<\/p>\n\n\n\n<p>En conferencia de prensa ex trabajadora de la Direcci\u00f3n de Protecci\u00f3n contra Riesgos Sanitarios, denunci\u00f3 que fue cesada, as\u00ed como otros trabajadores, por exigir espacios laborales, adem\u00e1s de que, acus\u00f3, pretenden desmantelar esa \u00e1rea.\u00a0<\/p>\n\n\n\n<p>&#8220;Dos puntos, no quisieron. Un punto era que por favor nos liberaran lo de los c\u00f3digos y el otro punto, que por favor quitaran al enlace administrativo, porque no sabe, es ignorante, no tiene el perfil&#8221;, se\u00f1al\u00f3.<\/p>\n\n\n\n<p>Record\u00f3 que el 25 de julio del a\u00f1o pasado a las afueras de la dependencia, solicitaron unos c\u00f3digos de salud vacantes al director de Protecci\u00f3n contra Riesgos Sanitarios, Bartolo Avenda\u00f1o Borromeo, pero siempre se neg\u00f3.<\/p>\n\n\n\n<p>Tras la protesta, fueron llamados por el secretario de Salud y el director jur\u00eddico de apellido Reyna, expusieron la situaci\u00f3n y les dijeron que analizar\u00edan las peticiones.<\/p>\n\n\n\n<p>Adem\u00e1s, les informaron que en ese momento se destitu\u00eda al doctor Borromeo, adem\u00e1s de que se investigar\u00eda el caso de los c\u00f3digos.<\/p>\n\n\n\n<p>Tras la petici\u00f3n del secretario de Salud, Gerardo D\u00edaz Morales de que los trabajadores retiraran la protesta, as\u00ed lo hicieron, pero posteriormente se dieron cuenta que los c\u00f3digos ya hab\u00edan sido entregados al personal y no se hab\u00eda respetado el escal\u00f3n.<\/p>\n\n\n\n<p>Por tal motivo, quisieron hablar con el director actual de Riesgos Sanitarios, el doctor Curiel, pero les dijo que no ten\u00eda tiempo de atenderlos.<\/p>\n\n\n\n<p>El d\u00eda 5 de diciembre del a\u00f1o pasado se apostaron a las afueras de la Secretar\u00eda de Salud para que les definieran lo de los c\u00f3digos y el director jur\u00eddico los amenaz\u00f3.<\/p>\n\n\n\n<p>&#8220;Con prepotencia, grosero, nos amenaz\u00f3, nos dijo que \u00e9l no pod\u00eda solucionar el problema&#8221;, coment\u00f3.<br>Tambi\u00e9n precis\u00f3 que no cerraron las instalaciones, ya que si se permiti\u00f3 la entrada de personal.<\/p>\n\n\n\n<p>Posteriormente lleg\u00f3 una persona de Pol\u00edtica Regional, pero s\u00f3lo se concret\u00f3 a escucharlos.<\/p>\n\n\n\n<p>Tras toda esa situaci\u00f3n, se firm\u00f3 un acuerdo con el director Administrativo, Sisniega, junto con el director jur\u00eddico y el doctor Juli\u00e1n Morales Barrientos, en el que se compromet\u00edan a dar 34 c\u00f3digos (plazas vacantes) en todo el estado.\u00a0<\/p>\n\n\n\n<p>Pero el d\u00eda 16 de diciembre, a una de las trabajadoras, Yelitza Pereira D\u00edaz, con m\u00e1s de 20 a\u00f1os de servicio, el licenciado Jos\u00e9 Luis Reyna le notific\u00f3 su cese.<\/p>\n\n\n\n<p>Luego, el 19 de diciembre, al ingeniero Ra\u00fal Cipriano Velasco Barrag\u00e1n, tambi\u00e9n le notificaron el cese, tras 29 a\u00f1os de servicio.\u00a0<br>Asimismo, a la casa de Norma Lidia Casas Fern\u00e1ndez tambi\u00e9n le fueron a notificar su cese laboral.\u00a0<\/p>\n\n\n\n<p>Advirti\u00f3 que teme por su integridad f\u00edsica y se\u00f1al\u00f3 que si algo le pasa hace responsable al licenciado Jorge Luis Reyna Reyes, director de Asuntos Jur\u00eddicos.<\/p>\n\n\n\n<p>&#8220;Tiene a la gente amenazada de toda la Secretar\u00eda de Salud&#8221;, advirti\u00f3.<\/p>\n\n\n\n<p>Finalmente, indic\u00f3 que m\u00e1s personas ser\u00e1n notificadas sobre su cese, por lo que piden la intervenci\u00f3n del gobernador Cuitl\u00e1huac Garc\u00eda Jim\u00e9nez.<\/p>\n","protected":false},"excerpt":{"rendered":"<p>Dar\u00edo Pale Xalapa, Ver.- Denuncian ceses injustificados en la Direcci\u00f3n de Protecci\u00f3n contra Riesgos Sanitarios, el motivo, se\u00f1alan los trabajadores, fue exigir espacios laborales, as\u00ed lo dio a conocer Norma Lidia Casas Fern\u00e1ndez, de los Servicios de Salud de Veracruz. En conferencia de prensa ex trabajadora de la Direcci\u00f3n de Protecci\u00f3n contra Riesgos Sanitarios, denunci\u00f3 [&hellip;]<\/p>\n","protected":false},"author":2476,"featured_media":35114,"comment_status":"open","ping_status":"open","sticky":false,"template":"","format":"standard","meta":{"_jetpack_memberships_contains_paid_content":false,"footnotes":""},"categories":[9],"tags":[],"class_list":["post-35113","post","type-post","status-publish","format-standard","has-post-thumbnail","hentry","category-salud"],"jetpack_featured_media_url":"https:\/\/encuentroinformativo.com.mx\/wp-content\/uploads\/2023\/01\/IMG-20230105-WA00411.jpg","jetpack_sharing_enabled":true,"jetpack_likes_enabled":true,"amp_enabled":true,"_links":{"self":[{"href":"https:\/\/encuentroinformativo.com.mx\/index.php?rest_route=\/wp\/v2\/posts\/35113","targetHints":{"allow":["GET"]}}],"collection":[{"href":"https:\/\/encuentroinformativo.com.mx\/index.php?rest_route=\/wp\/v2\/posts"}],"about":[{"href":"https:\/\/encuentroinformativo.com.mx\/index.php?rest_route=\/wp\/v2\/types\/post"}],"author":[{"embeddable":true,"href":"https:\/\/encuentroinformativo.com.mx\/index.php?rest_route=\/wp\/v2\/users\/2476"}],"replies":[{"embeddable":true,"href":"https:\/\/encuentroinformativo.com.mx\/index.php?rest_route=%2Fwp%2Fv2%2Fcomments&post=35113"}],"version-history":[{"count":1,"href":"https:\/\/encuentroinformativo.com.mx\/index.php?rest_route=\/wp\/v2\/posts\/35113\/revisions"}],"predecessor-version":[{"id":35115,"href":"https:\/\/encuentroinformativo.com.mx\/index.php?rest_route=\/wp\/v2\/posts\/35113\/revisions\/35115"}],"wp:featuredmedia":[{"embeddable":true,"href":"https:\/\/encuentroinformativo.com.mx\/index.php?rest_route=\/wp\/v2\/media\/35114"}],"wp:attachment":[{"href":"https:\/\/encuentroinformativo.com.mx\/index.php?rest_route=%2Fwp%2Fv2%2Fmedia&parent=35113"}],"wp:term":[{"taxonomy":"category","embeddable":true,"href":"https:\/\/encuentroinformativo.com.mx\/index.php?rest_route=%2Fwp%2Fv2%2Fcategories&post=35113"},{"taxonomy":"post_tag","embeddable":true,"href":"https:\/\/encuentroinformativo.com.mx\/index.php?rest_route=%2Fwp%2Fv2%2Ftags&post=35113"}],"curies":[{"name":"wp","href":"https:\/\/api.w.org\/{rel}","templated":true}]}}