{"id":3512,"date":"2020-06-21T13:42:49","date_gmt":"2020-06-21T18:42:49","guid":{"rendered":"https:\/\/encuentroinformativo.com\/?p=3512"},"modified":"2020-06-21T13:42:53","modified_gmt":"2020-06-21T18:42:53","slug":"estamos-insistiendo-en-la-reduccion-de-tarifas-electricas-ahued","status":"publish","type":"post","link":"https:\/\/encuentroinformativo.com.mx\/?p=3512","title":{"rendered":"Estamos insistiendo en la reducci\u00f3n de tarifas el\u00e9ctricas: Ahued"},"content":{"rendered":"\n<p><strong>Dar\u00edo Pale <\/strong><\/p>\n\n\n\n<p>Xalapa, Ver.- El senador Ricardo Ahued Bardahuil se\u00f1al\u00f3 que est\u00e1 luchando por la reducci\u00f3n de las tarifas el\u00e9ctricas y se deben de suspender la judicializaci\u00f3n de los cobros que est\u00e1n haciendo y las detenciones por la falta de pago.<\/p>\n\n\n\n<p>Entrevistado en las calles del centro de la ciudad de Xalapa, recalc\u00f3 que est\u00e1n preocupados y ocupados en el tema de la reconfiguraci\u00f3n de las tarifas el\u00e9ctricas ya que en Veracruz existe una desventaja ya que esta 10 veces m\u00e1s cara en comparaci\u00f3n con Tabasco y otros estados.<\/p>\n\n\n\n<p>\u201cHoy algunos senadores y diputados habremos de reunirnos pronto para analizar con la gente de la comisi\u00f3n federal y explicarles cu\u00e1l es la problem\u00e1tica que sucede porque si tenemos una gran desventaja en el tema de rendimiento en los costos para operar una micro y mediana empresa y desde luego las tarifas que son de uso dom\u00e9stico se est\u00e1n viendo afectadas en este momento\u201d se\u00f1al\u00f3 en entrevista.<\/p>\n\n\n\n<p>Se debe de hacer algo para que a Veracruz se le d\u00e9 el mismo trato que se le dio a Tabasco ya que tiene hasta 5 mil kilobatios de tope m\u00e1ximo con una tarifa de 59 centavos y en el estado la misma tarifa tiene un costo de 5.90 diez veces m\u00e1s caro.<\/p>\n\n\n\n<p>Agreg\u00f3 que en Veracruz existen temperaturas iguales o superiores a las que se registran en Tabasco y otros estados, y hace muchos a\u00f1os que no se ha revisado este tema, y Xalapa tiene una de las tarifas m\u00e1s altas que es la n\u00famero uno, por lo que la gente tiene raz\u00f3n en decir que le llega el recibo con la misma tarifa pero con un kilowatt-hora y se le duplica el costo.<\/p>\n\n\n\n<p>Inform\u00f3 que la CFE tiene que ver con el esquema de la reconfiguraci\u00f3n adem\u00e1s tienen que checar con CONAGUA el tema de las temperaturas y hagan una revisi\u00f3n, posiblemente el beneficio no sea para todas las \u00e1reas derivado de la zona donde est\u00e9n las temperaturas m\u00e1s altas.<\/p>\n\n\n\n<p>Se\u00f1al\u00f3 que es tiempo de ser solidarios por la pandemia, por la situaci\u00f3n econ\u00f3mica que se est\u00e1 viviendo con el desempleo por lo que vale la pena hacer el esfuerzo, por lo que estar\u00e1 presentando en el Senado un exhorto para que se revise este tema al igual que lo hizo en el pasado.<\/p>\n\n\n\n<p>Este tema no se debe de politizar o sacar raja pol\u00edtica en el tema de las tarifas es algo m\u00e1s serio que cualquier ambici\u00f3n pol\u00edtica o partidista, por lo que tiene que ser una demanda justa equilibrada y con el beneficio com\u00fan \u201cm\u00e1s no partidario ni pol\u00edtico\u201d.<\/p>\n\n\n\n<p>\u201cM\u00e1s del 33 por ciento de las plantas productoras ya son obsoletas ganan en la conducci\u00f3n, ganan en la transmisi\u00f3n, pero la producci\u00f3n es muy cara el costo de producci\u00f3n pero eso es una herencia del pasado, pero tambi\u00e9n tenemos que equilibrar para que no tengamos esas diferencias tan abismales entre un estado y otro\u201d, inform\u00f3 en entrevista.<\/p>\n\n\n\n<p>Finalmente se\u00f1al\u00f3 que \u00e9l representa a Veracruz y pelea por el estado, Tabasco ya lo logr\u00f3, M\u00e9rida lo logr\u00f3, al igual que California y por la franja norte tienen la mitad del IVA lo cual trae consecuencias de incompetencias en las peque\u00f1as empresas, por lo que deben de suspender la judicializaci\u00f3n de los cobros que est\u00e1n haciendo y las detenciones ya que no deben \u00a0de tratar a las personas con los asuntos pendientes del cobro de luz.<\/p>\n\n\n\n<p><\/p>\n","protected":false},"excerpt":{"rendered":"<p>Dar\u00edo Pale Xalapa, Ver.- El senador Ricardo Ahued Bardahuil se\u00f1al\u00f3 que est\u00e1 luchando por la reducci\u00f3n de las tarifas el\u00e9ctricas y se deben de suspender la judicializaci\u00f3n de los cobros que est\u00e1n haciendo y las detenciones por la falta de pago. Entrevistado en las calles del centro de la ciudad de Xalapa, recalc\u00f3 que est\u00e1n [&hellip;]<\/p>\n","protected":false},"author":1,"featured_media":3513,"comment_status":"open","ping_status":"open","sticky":false,"template":"","format":"standard","meta":{"_jetpack_memberships_contains_paid_content":false,"footnotes":""},"categories":[2],"tags":[],"class_list":["post-3512","post","type-post","status-publish","format-standard","has-post-thumbnail","hentry","category-estado"],"jetpack_featured_media_url":"https:\/\/encuentroinformativo.com.mx\/wp-content\/uploads\/2020\/06\/73859406-CA0C-4A8E-AA30-1F7667FE59FB.jpeg","jetpack_sharing_enabled":true,"jetpack_likes_enabled":true,"amp_enabled":true,"_links":{"self":[{"href":"https:\/\/encuentroinformativo.com.mx\/index.php?rest_route=\/wp\/v2\/posts\/3512","targetHints":{"allow":["GET"]}}],"collection":[{"href":"https:\/\/encuentroinformativo.com.mx\/index.php?rest_route=\/wp\/v2\/posts"}],"about":[{"href":"https:\/\/encuentroinformativo.com.mx\/index.php?rest_route=\/wp\/v2\/types\/post"}],"author":[{"embeddable":true,"href":"https:\/\/encuentroinformativo.com.mx\/index.php?rest_route=\/wp\/v2\/users\/1"}],"replies":[{"embeddable":true,"href":"https:\/\/encuentroinformativo.com.mx\/index.php?rest_route=%2Fwp%2Fv2%2Fcomments&post=3512"}],"version-history":[{"count":1,"href":"https:\/\/encuentroinformativo.com.mx\/index.php?rest_route=\/wp\/v2\/posts\/3512\/revisions"}],"predecessor-version":[{"id":3514,"href":"https:\/\/encuentroinformativo.com.mx\/index.php?rest_route=\/wp\/v2\/posts\/3512\/revisions\/3514"}],"wp:featuredmedia":[{"embeddable":true,"href":"https:\/\/encuentroinformativo.com.mx\/index.php?rest_route=\/wp\/v2\/media\/3513"}],"wp:attachment":[{"href":"https:\/\/encuentroinformativo.com.mx\/index.php?rest_route=%2Fwp%2Fv2%2Fmedia&parent=3512"}],"wp:term":[{"taxonomy":"category","embeddable":true,"href":"https:\/\/encuentroinformativo.com.mx\/index.php?rest_route=%2Fwp%2Fv2%2Fcategories&post=3512"},{"taxonomy":"post_tag","embeddable":true,"href":"https:\/\/encuentroinformativo.com.mx\/index.php?rest_route=%2Fwp%2Fv2%2Ftags&post=3512"}],"curies":[{"name":"wp","href":"https:\/\/api.w.org\/{rel}","templated":true}]}}