{"id":35128,"date":"2023-01-05T15:06:09","date_gmt":"2023-01-05T21:06:09","guid":{"rendered":"https:\/\/encuentroinformativo.com.mx\/?p=35128"},"modified":"2023-01-05T15:06:12","modified_gmt":"2023-01-05T21:06:12","slug":"van-8-detenidos-por-ataques-en-poza-rica","status":"publish","type":"post","link":"https:\/\/encuentroinformativo.com.mx\/?p=35128","title":{"rendered":"Van 8 detenidos por ataques en Poza Rica"},"content":{"rendered":"\n<p><strong>Juan Arcos <\/strong><\/p>\n\n\n\n<p>Xalapa, Ver.- Tras las masacres registradas la noche del pasado domingo primero de enero en bares del municipio de Poza Rica, han sido detenidas siete personas como presuntas responsables de esos hechos violentos.<\/p>\n\n\n\n<p>El gobernador Cuitl\u00e1huac Garc\u00eda Jim\u00e9nez revel\u00f3 esa informaci\u00f3n en un breve mensaje difundido en redes sociales, luego de que ocho personas murieran por ataques armados en tres bares de dicha ciudad petrolera, al norte de Veracruz.<\/p>\n\n\n\n<p>En la mesa de trabajo para la coordinaci\u00f3n estatal de seguridad, se inform\u00f3 que al interior de los bares se distribu\u00eda droga y es la principal l\u00ednea de investigaci\u00f3n que sigue la Fiscal\u00eda General del Estado (FGE).<\/p>\n\n\n\n<p>&#8220;Continuamos con operativos especiales en dos regiones del estado y todos los operativos de la estrategia Guadalupe &#8211; Reyes. Tal como lo advertimos en Veracruz no hay impunidad\u201d, expres\u00f3 el mandatario estatal.<\/p>\n\n\n\n<p>Tambi\u00e9n se dio a conocer que la Secretar\u00eda de Seguridad P\u00fablica (SSP) contin\u00faa los patrullajes a\u00e9reos y terrestres en las zona norte de la entidad.<\/p>\n\n\n\n<p>&#8220;De forma coordinada con autoridades federales y municipales, los uniformados trabajan permanentemente para garantizar la tranquilidad de las familias\u201d, indic\u00f3 la SSP.<\/p>\n\n\n\n<p>Se han redoblado las acciones mediante filtros de revisi\u00f3n y operativos en bares y cantinas para inhibir conductas delictivas y preservar el orden en la ciudad de Poza Rica.<\/p>\n\n\n\n<p>Durante los primeros tres d\u00edas del a\u00f1o, los oficiales han desplegado de forma aleatoria puestos de revisi\u00f3n en distintos puntos de la ciudad, en coordinaci\u00f3n con autoridades federales y municipales, adem\u00e1s de patrullajes a\u00e9reos por dicha zona, logrando hasta el momento la revisi\u00f3n de 905 personas, 160 veh\u00edculos particulares, 178 taxis, 142 motocicletas y 50 veh\u00edculos de carga.<\/p>\n\n\n\n<p>La SSP indic\u00f3 que las revisiones en establecimientos dedicados a la venta y consumo de alcohol, tienen como objetivo verificar que los asistentes no porten armas de ning\u00fan tipo, adem\u00e1s de evitar la venta y consumo de estupefacientes, lo que derive en conductas delincuenciales.<\/p>\n\n\n\n<p>Entre las autoridades que participan adem\u00e1s de la SSP, se enlistan las Secretar\u00edas de Marina (SEMAR), Defensa Nacional (SEDENA), Guardia Nacional (GN) y Polic\u00eda Municipal.<\/p>\n","protected":false},"excerpt":{"rendered":"<p>Juan Arcos Xalapa, Ver.- Tras las masacres registradas la noche del pasado domingo primero de enero en bares del municipio de Poza Rica, han sido detenidas siete personas como presuntas responsables de esos hechos violentos. El gobernador Cuitl\u00e1huac Garc\u00eda Jim\u00e9nez revel\u00f3 esa informaci\u00f3n en un breve mensaje difundido en redes sociales, luego de que ocho [&hellip;]<\/p>\n","protected":false},"author":2476,"featured_media":35129,"comment_status":"open","ping_status":"open","sticky":false,"template":"","format":"standard","meta":{"_jetpack_memberships_contains_paid_content":false,"footnotes":""},"categories":[14],"tags":[],"class_list":["post-35128","post","type-post","status-publish","format-standard","has-post-thumbnail","hentry","category-policiaca"],"jetpack_featured_media_url":"https:\/\/encuentroinformativo.com.mx\/wp-content\/uploads\/2023\/01\/bd5c42ba-e2b8-4ec8-b3f2-c701d690ce31.jpg","jetpack_sharing_enabled":true,"jetpack_likes_enabled":true,"amp_enabled":true,"_links":{"self":[{"href":"https:\/\/encuentroinformativo.com.mx\/index.php?rest_route=\/wp\/v2\/posts\/35128","targetHints":{"allow":["GET"]}}],"collection":[{"href":"https:\/\/encuentroinformativo.com.mx\/index.php?rest_route=\/wp\/v2\/posts"}],"about":[{"href":"https:\/\/encuentroinformativo.com.mx\/index.php?rest_route=\/wp\/v2\/types\/post"}],"author":[{"embeddable":true,"href":"https:\/\/encuentroinformativo.com.mx\/index.php?rest_route=\/wp\/v2\/users\/2476"}],"replies":[{"embeddable":true,"href":"https:\/\/encuentroinformativo.com.mx\/index.php?rest_route=%2Fwp%2Fv2%2Fcomments&post=35128"}],"version-history":[{"count":1,"href":"https:\/\/encuentroinformativo.com.mx\/index.php?rest_route=\/wp\/v2\/posts\/35128\/revisions"}],"predecessor-version":[{"id":35130,"href":"https:\/\/encuentroinformativo.com.mx\/index.php?rest_route=\/wp\/v2\/posts\/35128\/revisions\/35130"}],"wp:featuredmedia":[{"embeddable":true,"href":"https:\/\/encuentroinformativo.com.mx\/index.php?rest_route=\/wp\/v2\/media\/35129"}],"wp:attachment":[{"href":"https:\/\/encuentroinformativo.com.mx\/index.php?rest_route=%2Fwp%2Fv2%2Fmedia&parent=35128"}],"wp:term":[{"taxonomy":"category","embeddable":true,"href":"https:\/\/encuentroinformativo.com.mx\/index.php?rest_route=%2Fwp%2Fv2%2Fcategories&post=35128"},{"taxonomy":"post_tag","embeddable":true,"href":"https:\/\/encuentroinformativo.com.mx\/index.php?rest_route=%2Fwp%2Fv2%2Ftags&post=35128"}],"curies":[{"name":"wp","href":"https:\/\/api.w.org\/{rel}","templated":true}]}}