{"id":35140,"date":"2023-01-06T12:30:48","date_gmt":"2023-01-06T18:30:48","guid":{"rendered":"https:\/\/encuentroinformativo.com.mx\/?p=35140"},"modified":"2023-01-06T12:30:51","modified_gmt":"2023-01-06T18:30:51","slug":"visitara-adan-augusto-lopez-veracruz","status":"publish","type":"post","link":"https:\/\/encuentroinformativo.com.mx\/?p=35140","title":{"rendered":"Visitar\u00e1 Ad\u00e1n Augusto L\u00f3pez  Veracruz"},"content":{"rendered":"\n<p><strong>Alejandro \u00c1vila<\/strong><\/p>\n\n\n\n<p>Veracruz, Ver.- A trav\u00e9s de un video en sus redes sociales, el diputado federal, Sergio Guti\u00e9rrez Luna, inform\u00f3 que el secretario de Gobernaci\u00f3n Federal, Ad\u00e1n Augusto L\u00f3pez Hern\u00e1ndez, visitar\u00e1 la entidad veracruzana el pr\u00f3ximo 12 de enero.<\/p>\n\n\n\n<p>El funcionario federal estar\u00e1 especificamente en el World Trade Center de Boca del R\u00edo, donde encabezar\u00e1 un di\u00e1logo ciudadano sobre la Refotma Electoral y la gobernabilidad de un pa\u00eds.<\/p>\n\n\n\n<p>El evento dar\u00e1 inicio a las 12 del medio d\u00eda, por lo que se espera que desde horas antes se monte un operativo de seguridad p\u00fablica y desfogue vial, a fin de no afectar las inmediaciones del inmueble.<\/p>\n\n\n\n<p>Cabe mencionar que, el pasado 24 de octubre del 2022 fue la \u00faltima visita del secretario de Gobernaci\u00f3n a Veracruz, donde sostuvo un encuentro con el gobernador, Cuitl\u00e1huac Garc\u00eda Jimenez, y los legisladores veracruzanos en el Congreso del Estado.<\/p>\n\n\n\n<p>Ah\u00ed, destac\u00f3 que los municipios de Veracruz hab\u00eda salido de los 50 m\u00e1s violentos del pa\u00eds.<\/p>\n","protected":false},"excerpt":{"rendered":"<p>Alejandro \u00c1vila Veracruz, Ver.- A trav\u00e9s de un video en sus redes sociales, el diputado federal, Sergio Guti\u00e9rrez Luna, inform\u00f3 que el secretario de Gobernaci\u00f3n Federal, Ad\u00e1n Augusto L\u00f3pez Hern\u00e1ndez, visitar\u00e1 la entidad veracruzana el pr\u00f3ximo 12 de enero. El funcionario federal estar\u00e1 especificamente en el World Trade Center de Boca del R\u00edo, donde encabezar\u00e1 [&hellip;]<\/p>\n","protected":false},"author":2476,"featured_media":35141,"comment_status":"open","ping_status":"open","sticky":false,"template":"","format":"standard","meta":{"_jetpack_memberships_contains_paid_content":false,"footnotes":""},"categories":[2],"tags":[],"class_list":["post-35140","post","type-post","status-publish","format-standard","has-post-thumbnail","hentry","category-estado"],"jetpack_featured_media_url":"https:\/\/encuentroinformativo.com.mx\/wp-content\/uploads\/2023\/01\/IMG-20230106-WA0017.jpg","jetpack_sharing_enabled":true,"jetpack_likes_enabled":true,"amp_enabled":true,"_links":{"self":[{"href":"https:\/\/encuentroinformativo.com.mx\/index.php?rest_route=\/wp\/v2\/posts\/35140","targetHints":{"allow":["GET"]}}],"collection":[{"href":"https:\/\/encuentroinformativo.com.mx\/index.php?rest_route=\/wp\/v2\/posts"}],"about":[{"href":"https:\/\/encuentroinformativo.com.mx\/index.php?rest_route=\/wp\/v2\/types\/post"}],"author":[{"embeddable":true,"href":"https:\/\/encuentroinformativo.com.mx\/index.php?rest_route=\/wp\/v2\/users\/2476"}],"replies":[{"embeddable":true,"href":"https:\/\/encuentroinformativo.com.mx\/index.php?rest_route=%2Fwp%2Fv2%2Fcomments&post=35140"}],"version-history":[{"count":1,"href":"https:\/\/encuentroinformativo.com.mx\/index.php?rest_route=\/wp\/v2\/posts\/35140\/revisions"}],"predecessor-version":[{"id":35142,"href":"https:\/\/encuentroinformativo.com.mx\/index.php?rest_route=\/wp\/v2\/posts\/35140\/revisions\/35142"}],"wp:featuredmedia":[{"embeddable":true,"href":"https:\/\/encuentroinformativo.com.mx\/index.php?rest_route=\/wp\/v2\/media\/35141"}],"wp:attachment":[{"href":"https:\/\/encuentroinformativo.com.mx\/index.php?rest_route=%2Fwp%2Fv2%2Fmedia&parent=35140"}],"wp:term":[{"taxonomy":"category","embeddable":true,"href":"https:\/\/encuentroinformativo.com.mx\/index.php?rest_route=%2Fwp%2Fv2%2Fcategories&post=35140"},{"taxonomy":"post_tag","embeddable":true,"href":"https:\/\/encuentroinformativo.com.mx\/index.php?rest_route=%2Fwp%2Fv2%2Ftags&post=35140"}],"curies":[{"name":"wp","href":"https:\/\/api.w.org\/{rel}","templated":true}]}}