{"id":3515,"date":"2020-06-21T15:26:21","date_gmt":"2020-06-21T20:26:21","guid":{"rendered":"https:\/\/encuentroinformativo.com\/?p=3515"},"modified":"2020-06-21T15:26:23","modified_gmt":"2020-06-21T20:26:23","slug":"hechos-delictivos-han-repuntado-en-colonia-moctezuma-vecinos","status":"publish","type":"post","link":"https:\/\/encuentroinformativo.com.mx\/?p=3515","title":{"rendered":"Hechos delictivos han repuntado en Colonia Moctezuma: Vecinos"},"content":{"rendered":"\n<p><strong>Juan Arcos<\/strong> <\/p>\n\n\n\n<p>Xalapa, Ver.- \u201cFui asaltada, fui arrastrada y casi me violaron\u201d, denunci\u00f3 Anabel Castillo P\u00e9rez, vecina de la colonia Moctezuma, localizada en la Reserva Territorial de Xalapa.<\/p>\n\n\n\n<p>Los pobladores temen por su seguridad, pues la incidencia delictiva ha repuntado durante los \u00faltimos meses en el lugar.<\/p>\n\n\n\n<p>Esto ocurre sobre todo en el \u00e1rea verde que atraviesa un peque\u00f1o paso peatonal y comunica a dicha zona con El Olmo, muy cerca de un m\u00f3dulo de vigilancia de la Fuerza Civil.<\/p>\n\n\n\n<p>Tambi\u00e9n est\u00e1n a pocos metros de distancia las oficinas de la Fiscal\u00eda General del Estado (FGE), sobre el bulevar Rafael Gu\u00edzar y Valencia, mejor conocido como Arco Sur.<\/p>\n\n\n\n<p>La se\u00f1ora mencion\u00f3 que muchos vecinos han sido v\u00edctimas de asaltos a mano armada.<\/p>\n\n\n\n<p>Adem\u00e1s, indic\u00f3 que cada vez son m\u00e1s frecuentes los robos a casa habitaci\u00f3n.<\/p>\n\n\n\n<p>\u201cAqu\u00ed muchos vecinos han sido asaltados con arma blanca, con navaja, otras con arma de fuego. Comenz\u00f3 haber asaltos y robos. Abrieron las casas y hemos pedido apoyo de Seguridad P\u00fablica\u201d.<\/p>\n\n\n\n<p>El problema es que en dicha zona falta alumbrado p\u00fablico, situaci\u00f3n que es aprovechada por sujetos desconocidos para delinquir.<\/p>\n\n\n\n<p>Por tal motivo, los vecinos solicitaron el apoyo de las autoridades correspondientes para que sean instaladas m\u00e1s luminarias e incremente la presencia policiaca en la zona.<\/p>\n\n\n\n<p><\/p>\n","protected":false},"excerpt":{"rendered":"<p>Juan Arcos Xalapa, Ver.- \u201cFui asaltada, fui arrastrada y casi me violaron\u201d, denunci\u00f3 Anabel Castillo P\u00e9rez, vecina de la colonia Moctezuma, localizada en la Reserva Territorial de Xalapa. Los pobladores temen por su seguridad, pues la incidencia delictiva ha repuntado durante los \u00faltimos meses en el lugar. Esto ocurre sobre todo en el \u00e1rea verde [&hellip;]<\/p>\n","protected":false},"author":1,"featured_media":3516,"comment_status":"open","ping_status":"open","sticky":false,"template":"","format":"standard","meta":{"_jetpack_memberships_contains_paid_content":false,"footnotes":""},"categories":[3],"tags":[],"class_list":["post-3515","post","type-post","status-publish","format-standard","has-post-thumbnail","hentry","category-xalapa"],"jetpack_featured_media_url":"https:\/\/encuentroinformativo.com.mx\/wp-content\/uploads\/2020\/06\/AA25911E-9C81-4FAF-9A06-23215EB81C64.jpeg","jetpack_sharing_enabled":true,"jetpack_likes_enabled":true,"amp_enabled":true,"_links":{"self":[{"href":"https:\/\/encuentroinformativo.com.mx\/index.php?rest_route=\/wp\/v2\/posts\/3515","targetHints":{"allow":["GET"]}}],"collection":[{"href":"https:\/\/encuentroinformativo.com.mx\/index.php?rest_route=\/wp\/v2\/posts"}],"about":[{"href":"https:\/\/encuentroinformativo.com.mx\/index.php?rest_route=\/wp\/v2\/types\/post"}],"author":[{"embeddable":true,"href":"https:\/\/encuentroinformativo.com.mx\/index.php?rest_route=\/wp\/v2\/users\/1"}],"replies":[{"embeddable":true,"href":"https:\/\/encuentroinformativo.com.mx\/index.php?rest_route=%2Fwp%2Fv2%2Fcomments&post=3515"}],"version-history":[{"count":1,"href":"https:\/\/encuentroinformativo.com.mx\/index.php?rest_route=\/wp\/v2\/posts\/3515\/revisions"}],"predecessor-version":[{"id":3517,"href":"https:\/\/encuentroinformativo.com.mx\/index.php?rest_route=\/wp\/v2\/posts\/3515\/revisions\/3517"}],"wp:featuredmedia":[{"embeddable":true,"href":"https:\/\/encuentroinformativo.com.mx\/index.php?rest_route=\/wp\/v2\/media\/3516"}],"wp:attachment":[{"href":"https:\/\/encuentroinformativo.com.mx\/index.php?rest_route=%2Fwp%2Fv2%2Fmedia&parent=3515"}],"wp:term":[{"taxonomy":"category","embeddable":true,"href":"https:\/\/encuentroinformativo.com.mx\/index.php?rest_route=%2Fwp%2Fv2%2Fcategories&post=3515"},{"taxonomy":"post_tag","embeddable":true,"href":"https:\/\/encuentroinformativo.com.mx\/index.php?rest_route=%2Fwp%2Fv2%2Ftags&post=3515"}],"curies":[{"name":"wp","href":"https:\/\/api.w.org\/{rel}","templated":true}]}}