{"id":35153,"date":"2023-01-06T12:54:22","date_gmt":"2023-01-06T18:54:22","guid":{"rendered":"https:\/\/encuentroinformativo.com.mx\/?p=35153"},"modified":"2023-01-06T12:54:26","modified_gmt":"2023-01-06T18:54:26","slug":"mas-de-3-mil-ninos-festejan-reyes-magos-con-el-alcalde-juan-manuel-unanue","status":"publish","type":"post","link":"https:\/\/encuentroinformativo.com.mx\/?p=35153","title":{"rendered":"Mas de 3 mil ni\u00f1os festejan Reyes Magos con el Alcalde Juan Manuel Un\u00e1nue"},"content":{"rendered":"\n<p><strong>*<em>Los peque\u00f1itos se dieron cita en el Dren B desde muy temprano para disfrutar de juegos mec\u00e1nicos, inflables, shows infantiles, rifas y regalos<\/em>.<\/strong><\/p>\n\n\n\n<p>Boca del R\u00edo, Ver.- Una tarde llena de diversi\u00f3n, juegos y fantas\u00eda fue la sorpresa que llev\u00f3 el Alcalde de Boca del R\u00edo, Juan Manuel Un\u00e1nue Abascal, para los ni\u00f1os de Boca del R\u00edo con motivo del D\u00eda de Reyes.\u00a0\u00a0<\/p>\n\n\n\n<p>Acompa\u00f1ado por la Presidenta del DIF Municipal, Melina Rivera de Un\u00e1nue, comparti\u00f3 esta gran fiesta que se realiz\u00f3 en el Dren B de la colonia Venustiano Carranza.&nbsp;<\/p>\n\n\n\n<p>&#8220;Me da mucho gusto traerles junto con mi esposa Meli esta gran feria, es importante seguir realizando esta tradici\u00f3n, una de las m\u00e1s bonitas del pa\u00eds, y esa es la intenci\u00f3n, que est\u00e9n contentos y felices\u201d, expres\u00f3.<\/p>\n\n\n\n<p>El Ayuntamiento de Boca del R\u00edo y el DIF Municipal deleitaron a todos los presentes con deliciosas Roscas de Reyes que degustaron a lo largo de la festividad.&nbsp;&nbsp;<\/p>\n\n\n\n<p>Reiter\u00f3 que, desde su gobierno, se trabaja todos los d\u00edas para que Boca del R\u00edo tenga mejores parques para que puedan ir a jugar, mejores calles y avenidas, para que sus pap\u00e1s y mam\u00e1s puedan hacer sus actividades diarias con seguridad.&nbsp;<\/p>\n\n\n\n<p>Por su parte la Presidenta del DIF Municipal, Melina Rivera de Un\u00e1nue, agradeci\u00f3 el respaldo del Alcalde para llevar alegr\u00eda a miles de boque\u00f1itas y boque\u00f1itos.<\/p>\n\n\n\n<p>&#8220;Hoy los Reyes Magos nos unieron a todos nosotros para venir y regalar m\u00e1s de tres mil sonrisas a todos los ni\u00f1os y ni\u00f1as de Boca del R\u00edo\u201d.<\/p>\n\n\n\n<p>Un\u00e1nue Abascal dijo que adelantaron la llegada de los Reyes Magos, para entregarles mas de 2 mil juguetes y pudieran participar en la rifa de bicicletas.&nbsp;&nbsp;<\/p>\n\n\n\n<p>Entre otras atracciones para las y los infantes boque\u00f1os, el gobierno municipal puso a su disposici\u00f3n 10 inflables gigantes en los que cientos de ni\u00f1os se divirtieron y convivieron.&nbsp;<\/p>\n\n\n\n<p>Por otra parte, tambi\u00e9n pudieron disfrutar de tres juegos mec\u00e1nicos, una rueda de la fortuna, un toro mec\u00e1nico, as\u00ed como de un trenecito.&nbsp;&nbsp;<\/p>\n\n\n\n<p>El Festival del D\u00eda de Reyes fue todo un \u00e9xito, los peque\u00f1itos pudieron disfrutar de una tarde de sana diversi\u00f3n, convivieron con su familia y regresaron a casa con regalos.<\/p>\n\n\n\n<figure class=\"wp-block-image size-large\"><img loading=\"lazy\" decoding=\"async\" width=\"1024\" height=\"563\" src=\"https:\/\/encuentroinformativo.com.mx\/wp-content\/uploads\/2023\/01\/IMG-20230106-WA00093-1024x563.jpg\" alt=\"\" class=\"wp-image-35155\" srcset=\"https:\/\/encuentroinformativo.com.mx\/wp-content\/uploads\/2023\/01\/IMG-20230106-WA00093-1024x563.jpg 1024w, https:\/\/encuentroinformativo.com.mx\/wp-content\/uploads\/2023\/01\/IMG-20230106-WA00093-300x165.jpg 300w, https:\/\/encuentroinformativo.com.mx\/wp-content\/uploads\/2023\/01\/IMG-20230106-WA00093-768x422.jpg 768w, https:\/\/encuentroinformativo.com.mx\/wp-content\/uploads\/2023\/01\/IMG-20230106-WA00093.jpg 1489w\" sizes=\"auto, (max-width: 1024px) 100vw, 1024px\" \/><\/figure>\n","protected":false},"excerpt":{"rendered":"<p>*Los peque\u00f1itos se dieron cita en el Dren B desde muy temprano para disfrutar de juegos mec\u00e1nicos, inflables, shows infantiles, rifas y regalos. Boca del R\u00edo, Ver.- Una tarde llena de diversi\u00f3n, juegos y fantas\u00eda fue la sorpresa que llev\u00f3 el Alcalde de Boca del R\u00edo, Juan Manuel Un\u00e1nue Abascal, para los ni\u00f1os de Boca [&hellip;]<\/p>\n","protected":false},"author":2476,"featured_media":35154,"comment_status":"open","ping_status":"open","sticky":false,"template":"","format":"standard","meta":{"_jetpack_memberships_contains_paid_content":false,"footnotes":""},"categories":[2],"tags":[],"class_list":["post-35153","post","type-post","status-publish","format-standard","has-post-thumbnail","hentry","category-estado"],"jetpack_featured_media_url":"https:\/\/encuentroinformativo.com.mx\/wp-content\/uploads\/2023\/01\/IMG-20230106-WA00022.jpg","jetpack_sharing_enabled":true,"jetpack_likes_enabled":true,"amp_enabled":true,"_links":{"self":[{"href":"https:\/\/encuentroinformativo.com.mx\/index.php?rest_route=\/wp\/v2\/posts\/35153","targetHints":{"allow":["GET"]}}],"collection":[{"href":"https:\/\/encuentroinformativo.com.mx\/index.php?rest_route=\/wp\/v2\/posts"}],"about":[{"href":"https:\/\/encuentroinformativo.com.mx\/index.php?rest_route=\/wp\/v2\/types\/post"}],"author":[{"embeddable":true,"href":"https:\/\/encuentroinformativo.com.mx\/index.php?rest_route=\/wp\/v2\/users\/2476"}],"replies":[{"embeddable":true,"href":"https:\/\/encuentroinformativo.com.mx\/index.php?rest_route=%2Fwp%2Fv2%2Fcomments&post=35153"}],"version-history":[{"count":1,"href":"https:\/\/encuentroinformativo.com.mx\/index.php?rest_route=\/wp\/v2\/posts\/35153\/revisions"}],"predecessor-version":[{"id":35156,"href":"https:\/\/encuentroinformativo.com.mx\/index.php?rest_route=\/wp\/v2\/posts\/35153\/revisions\/35156"}],"wp:featuredmedia":[{"embeddable":true,"href":"https:\/\/encuentroinformativo.com.mx\/index.php?rest_route=\/wp\/v2\/media\/35154"}],"wp:attachment":[{"href":"https:\/\/encuentroinformativo.com.mx\/index.php?rest_route=%2Fwp%2Fv2%2Fmedia&parent=35153"}],"wp:term":[{"taxonomy":"category","embeddable":true,"href":"https:\/\/encuentroinformativo.com.mx\/index.php?rest_route=%2Fwp%2Fv2%2Fcategories&post=35153"},{"taxonomy":"post_tag","embeddable":true,"href":"https:\/\/encuentroinformativo.com.mx\/index.php?rest_route=%2Fwp%2Fv2%2Ftags&post=35153"}],"curies":[{"name":"wp","href":"https:\/\/api.w.org\/{rel}","templated":true}]}}