{"id":35166,"date":"2023-01-06T15:19:32","date_gmt":"2023-01-06T21:19:32","guid":{"rendered":"https:\/\/encuentroinformativo.com.mx\/?p=35166"},"modified":"2023-01-06T15:19:35","modified_gmt":"2023-01-06T21:19:35","slug":"denuncian-presunta-negligencia-medica-en-hospital-civil","status":"publish","type":"post","link":"https:\/\/encuentroinformativo.com.mx\/?p=35166","title":{"rendered":"Denuncian presunta negligencia m\u00e9dica en Hospital Civil"},"content":{"rendered":"\n<p><strong>Juan Arcos <\/strong><\/p>\n\n\n\n<p>Xalapa, Ver.- La paciente Karla pudo haber sido v\u00edctima de una negligencia m\u00e9dica en el hospital regional \u201cDoctor Luis F. Nach\u00f3n\u201d, ubicado en la zona centro de esta ciudad de Xalapa.<\/p>\n\n\n\n<p>La joven, de 30 a\u00f1os, acudi\u00f3 al nosocomio del 17 al 31 de diciembre pasado por un fuerte dolor en el est\u00f3mago, pero el personal m\u00e9dico argument\u00f3 que el equipo de ultrasonido y radiolog\u00eda estaban descompuestos.<\/p>\n\n\n\n<p>Durante el \u00faltimo d\u00eda del a\u00f1o 2022, los m\u00e9dicos le sugirieron buscar la atenci\u00f3n en un hospital privado ante las carencias en el sistema de salud p\u00fablica.<\/p>\n\n\n\n<p>Edith, la madre de la paciente, record\u00f3 que Karla fue trasladada a una cl\u00ednica particular donde fue sometida a una cirug\u00eda de manera urgente.<\/p>\n\n\n\n<p>\u201cA mi hija le quitaron un ovario, nos informaron que era una pelviperitonitis, y los m\u00e9dicos nos dijeron que por qu\u00e9 nos tardamos tanto tiempo en atenderla, nos dicen que se revent\u00f3 todo adentro de su est\u00f3mago, se revent\u00f3 el intestino grueso, le lavaron todo, volvi\u00f3 a nacer ah\u00ed mi hija, iba muy mal\u201d, expres\u00f3.<\/p>\n\n\n\n<p>La se\u00f1ora indic\u00f3 que su familia qued\u00f3 endeudada, debido a que tuvieron que gastar 95 mil pesos para que Karla fuera atendida en un hospital privado.<\/p>\n\n\n\n<p>Adem\u00e1s, pidi\u00f3 al gobernador Cuitl\u00e1huac Garc\u00eda Jim\u00e9nez y al secretario de Salud, Gerardo D\u00edaz Moralez, que supervisen la operaci\u00f3n del hospital \u201cDoctor Luis F. Nach\u00f3n\u201d por la desatenci\u00f3n a la paciente.<\/p>\n\n\n\n<p>Edtih indic\u00f3 que analiza con sus abogados la posibilidad de presentar una denuncia penal por presunta negligencia m\u00e9dica cometida en dicho nosocomio.<\/p>\n\n\n\n<p>\u201cEl hospital regional nos tuvo 14 d\u00edas dando vueltas, no le hac\u00edan ex\u00e1menes porque no sirven los aparatos m\u00e9dicos, si ellos la hubieran atendido correctamente desde el primer d\u00eda mi hija no hubiera perdido un ovario\u201d, remat\u00f3.<\/p>\n","protected":false},"excerpt":{"rendered":"<p>Juan Arcos Xalapa, Ver.- La paciente Karla pudo haber sido v\u00edctima de una negligencia m\u00e9dica en el hospital regional \u201cDoctor Luis F. Nach\u00f3n\u201d, ubicado en la zona centro de esta ciudad de Xalapa. La joven, de 30 a\u00f1os, acudi\u00f3 al nosocomio del 17 al 31 de diciembre pasado por un fuerte dolor en el est\u00f3mago, [&hellip;]<\/p>\n","protected":false},"author":2476,"featured_media":35167,"comment_status":"open","ping_status":"open","sticky":false,"template":"","format":"standard","meta":{"_jetpack_memberships_contains_paid_content":false,"footnotes":""},"categories":[9],"tags":[],"class_list":["post-35166","post","type-post","status-publish","format-standard","has-post-thumbnail","hentry","category-salud"],"jetpack_featured_media_url":"https:\/\/encuentroinformativo.com.mx\/wp-content\/uploads\/2023\/01\/IMG_8161.jpg","jetpack_sharing_enabled":true,"jetpack_likes_enabled":true,"amp_enabled":true,"_links":{"self":[{"href":"https:\/\/encuentroinformativo.com.mx\/index.php?rest_route=\/wp\/v2\/posts\/35166","targetHints":{"allow":["GET"]}}],"collection":[{"href":"https:\/\/encuentroinformativo.com.mx\/index.php?rest_route=\/wp\/v2\/posts"}],"about":[{"href":"https:\/\/encuentroinformativo.com.mx\/index.php?rest_route=\/wp\/v2\/types\/post"}],"author":[{"embeddable":true,"href":"https:\/\/encuentroinformativo.com.mx\/index.php?rest_route=\/wp\/v2\/users\/2476"}],"replies":[{"embeddable":true,"href":"https:\/\/encuentroinformativo.com.mx\/index.php?rest_route=%2Fwp%2Fv2%2Fcomments&post=35166"}],"version-history":[{"count":1,"href":"https:\/\/encuentroinformativo.com.mx\/index.php?rest_route=\/wp\/v2\/posts\/35166\/revisions"}],"predecessor-version":[{"id":35168,"href":"https:\/\/encuentroinformativo.com.mx\/index.php?rest_route=\/wp\/v2\/posts\/35166\/revisions\/35168"}],"wp:featuredmedia":[{"embeddable":true,"href":"https:\/\/encuentroinformativo.com.mx\/index.php?rest_route=\/wp\/v2\/media\/35167"}],"wp:attachment":[{"href":"https:\/\/encuentroinformativo.com.mx\/index.php?rest_route=%2Fwp%2Fv2%2Fmedia&parent=35166"}],"wp:term":[{"taxonomy":"category","embeddable":true,"href":"https:\/\/encuentroinformativo.com.mx\/index.php?rest_route=%2Fwp%2Fv2%2Fcategories&post=35166"},{"taxonomy":"post_tag","embeddable":true,"href":"https:\/\/encuentroinformativo.com.mx\/index.php?rest_route=%2Fwp%2Fv2%2Ftags&post=35166"}],"curies":[{"name":"wp","href":"https:\/\/api.w.org\/{rel}","templated":true}]}}