{"id":35169,"date":"2023-01-06T15:26:09","date_gmt":"2023-01-06T21:26:09","guid":{"rendered":"https:\/\/encuentroinformativo.com.mx\/?p=35169"},"modified":"2023-01-06T15:26:12","modified_gmt":"2023-01-06T21:26:12","slug":"paran-labores-trabajadores-de-ayuntamiento-de-sayula","status":"publish","type":"post","link":"https:\/\/encuentroinformativo.com.mx\/?p=35169","title":{"rendered":"&#8216;Paran&#8217; labores trabajadores de ayuntamiento de Sayula"},"content":{"rendered":"\n<p><strong>Juan Arcos <\/strong><\/p>\n\n\n\n<p>Xalapa, Ver.- Cerca de 120 empleados del ayuntamiento de Sayula de Alem\u00e1n pararon labores debido a que les deudas tres quincenas de salarios y sus prestaciones de fin de a\u00f1o.<\/p>\n\n\n\n<p>Se trata de trabajadores sindicalizados y de confianza quienes iniciaron un paro de brazos ca\u00eddos para exigir que sean respetados sus derechos laborales.<\/p>\n\n\n\n<p>La ma\u00f1ana de este viernes 6 de enero, los servidores p\u00fablicos dejaron de atender los tr\u00e1mites en las distintas \u00e1reas municipales.<\/p>\n\n\n\n<p>Algunos de los afectados denunciaron de manera an\u00f3nima que el problema es grave y que no reanudar\u00e1n sus actividades hasta que les paguen lo que les deben.<\/p>\n\n\n\n<p>&#8220;Con esta es la tercera quincena que les adeudan sus salarios y la situaci\u00f3n es preocupante porque ya est\u00e1 corriendo otra quincena y no hay avisos de que se les vaya a pagar, porque no hay ninguna respuesta ni de la presidenta municipal ni de los ediles\u201d, enfatiz\u00f3.<\/p>\n\n\n\n<p>Hasta el momento se desconoce el tiempo que durar\u00e1 esta manifestaci\u00f3n por parte de los empleados municipales.<\/p>\n\n\n\n<p>Sin embargo, esto ha generado una gran inconformidad en los pobladores de Sayula de Alem\u00e1n, al detenerse los tr\u00e1mites en la Tesorer\u00eda, pues en este momento algunas personas acostumbran pagar el impuesto predial.<\/p>\n","protected":false},"excerpt":{"rendered":"<p>Juan Arcos Xalapa, Ver.- Cerca de 120 empleados del ayuntamiento de Sayula de Alem\u00e1n pararon labores debido a que les deudas tres quincenas de salarios y sus prestaciones de fin de a\u00f1o. Se trata de trabajadores sindicalizados y de confianza quienes iniciaron un paro de brazos ca\u00eddos para exigir que sean respetados sus derechos laborales. [&hellip;]<\/p>\n","protected":false},"author":2476,"featured_media":35170,"comment_status":"open","ping_status":"open","sticky":false,"template":"","format":"standard","meta":{"_jetpack_memberships_contains_paid_content":false,"footnotes":""},"categories":[2],"tags":[],"class_list":["post-35169","post","type-post","status-publish","format-standard","has-post-thumbnail","hentry","category-estado"],"jetpack_featured_media_url":"https:\/\/encuentroinformativo.com.mx\/wp-content\/uploads\/2023\/01\/0a9fefe7-f34c-4c7f-a525-57c4dbfd3177.jpg","jetpack_sharing_enabled":true,"jetpack_likes_enabled":true,"amp_enabled":true,"_links":{"self":[{"href":"https:\/\/encuentroinformativo.com.mx\/index.php?rest_route=\/wp\/v2\/posts\/35169","targetHints":{"allow":["GET"]}}],"collection":[{"href":"https:\/\/encuentroinformativo.com.mx\/index.php?rest_route=\/wp\/v2\/posts"}],"about":[{"href":"https:\/\/encuentroinformativo.com.mx\/index.php?rest_route=\/wp\/v2\/types\/post"}],"author":[{"embeddable":true,"href":"https:\/\/encuentroinformativo.com.mx\/index.php?rest_route=\/wp\/v2\/users\/2476"}],"replies":[{"embeddable":true,"href":"https:\/\/encuentroinformativo.com.mx\/index.php?rest_route=%2Fwp%2Fv2%2Fcomments&post=35169"}],"version-history":[{"count":1,"href":"https:\/\/encuentroinformativo.com.mx\/index.php?rest_route=\/wp\/v2\/posts\/35169\/revisions"}],"predecessor-version":[{"id":35171,"href":"https:\/\/encuentroinformativo.com.mx\/index.php?rest_route=\/wp\/v2\/posts\/35169\/revisions\/35171"}],"wp:featuredmedia":[{"embeddable":true,"href":"https:\/\/encuentroinformativo.com.mx\/index.php?rest_route=\/wp\/v2\/media\/35170"}],"wp:attachment":[{"href":"https:\/\/encuentroinformativo.com.mx\/index.php?rest_route=%2Fwp%2Fv2%2Fmedia&parent=35169"}],"wp:term":[{"taxonomy":"category","embeddable":true,"href":"https:\/\/encuentroinformativo.com.mx\/index.php?rest_route=%2Fwp%2Fv2%2Fcategories&post=35169"},{"taxonomy":"post_tag","embeddable":true,"href":"https:\/\/encuentroinformativo.com.mx\/index.php?rest_route=%2Fwp%2Fv2%2Ftags&post=35169"}],"curies":[{"name":"wp","href":"https:\/\/api.w.org\/{rel}","templated":true}]}}