{"id":35172,"date":"2023-01-07T12:02:50","date_gmt":"2023-01-07T18:02:50","guid":{"rendered":"https:\/\/encuentroinformativo.com.mx\/?p=35172"},"modified":"2023-01-07T12:02:55","modified_gmt":"2023-01-07T18:02:55","slug":"crean-consejo-de-seguridad-y-procuracion-de-justicia-en-veracruz","status":"publish","type":"post","link":"https:\/\/encuentroinformativo.com.mx\/?p=35172","title":{"rendered":"Crean Consejo de Seguridad y Procuraci\u00f3n de Justicia en Veracruz"},"content":{"rendered":"\n<p><strong>Alejandro \u00c1vila<\/strong><\/p>\n\n\n\n<p>Veracruz, Ver.- Este viernes se tom\u00f3 protesta al Consejo de Seguridad y Procuraci\u00f3n de Justicia en el estado de Veracruz; el cual reforzar\u00e1 los caminos para combatir la inseguridad es la entidad veracruzana.<\/p>\n\n\n\n<p>El evento estuvo a cargo del Diputado Federal, Sergio Guti\u00e9rrez Luna, qui\u00e9n a su vez tambi\u00e9n es coordinador estatal del movimiento &#8220;<em>Que Siga L\u00f3pez, estamos Agusto&#8221;<\/em>.<\/p>\n\n\n\n<p>El ex presidente de la C\u00e1mara de Diputados integr\u00f3 el Consejo de Seguridad y Procuraci\u00f3n de Justicia coordinado por el doctor Normando Bustos Bertheau, respaldado por Gabino Corona Hern\u00e1ndez, Rogelio Silvestre Hern\u00e1ndez y Gabino Corona Hern\u00e1ndez.<\/p>\n\n\n\n<p>En las coordinaciones de zona se incorporan los maestros Andr\u00e9s Mora Gonz\u00e1lez, Rafael Perea Pital\u00faa y No\u00e9 Hern\u00e1ndez Sosa.<\/p>\n\n\n\n<p>Y los coordinadores distrital y municipal de Xalapa, Armando Rivero Fortuna y Acmer Antonio Galicia Campos, respectivamente; as\u00ed como el de Minatitl\u00e1n, Guillermo Le\u00f3n, quienes recibieron sus respectivos nombramientos y rindieron protesta de su encomienda.<\/p>\n\n\n\n<p>Lorena Rodr\u00edguez D\u00edaz, Valent\u00edn Olmos, Vito Lozano y Enrique Vazquez en su calidad de litigantes, acad\u00e9micos, representantes de asociaciones y expertos en seguridad participaron en la reuni\u00f3n donde se tom\u00f3 protesta al Consejo.<\/p>\n\n\n\n<p>Propusieron enriquecer el plan de trabajo con temas como la Justicia en L\u00ednea, profundizar la oralidad del Sistema Penal as\u00ed como realizar foros y debates para incrementar los niveles acad\u00e9micos.<\/p>\n\n\n\n<p>&#8220;Acompa\u00f1amos al presidente Andr\u00e9s Manuel L\u00f3pez Obrador en la estrategia de Seguridad y estamos convencidos que se deben atacar las causas profundas que da\u00f1an el tejido social&#8221;, expres\u00f3 Guti\u00e9rrez Luna.<\/p>\n\n\n\n<p>A sus colegas integrantes de barras, colegios y asociaciones de abogados, el representante popular minatitleco les dijo que es una tarea tit\u00e1nica quitar de la noche a la ma\u00f1ana la idea de la criminalidad en alguien que no tiene oportunidad de bienestar y que es alimentado por narcoseries y el dinero f\u00e1cil.<\/p>\n\n\n\n<p>El coordinador estatal del movimiento &#8220;Que siga L\u00f3pez&#8221; a\u00f1adi\u00f3 que de acuerdo a lo planteado por el presidente L\u00f3pez Obrador, para pacificar al pa\u00eds se requieren un m\u00ednimo de condiciones de igualdad y se complementa con el desarrollo econ\u00f3mico.<\/p>\n\n\n\n<p>En Veracruz la continuidad representa seguir la ruta paralela de atender las causas y procurar el desarrollo econ\u00f3mico.<\/p>\n\n\n\n<p>&#8220;Cada vez son m\u00e1s los hombres y mujeres comprometidos con el Proyecto de Naci\u00f3n que coinciden en la idea de que para ayudar a consolidar lo que se ha logrado en la 4T se requiere una persona que conozca de nuestras tradiciones, de nuestros problemas y que sea del sur, como nosotros&#8221;, a\u00f1adi\u00f3.<\/p>\n\n\n\n<p>El Consejo de Seguridad y Procuraci\u00f3n de Justicia del movimiento &#8220;Que Siga L\u00f3pez Estamos Agusto&#8221; forma parte de la&nbsp; estructura del Comit\u00e9 Estatal&nbsp; formada por \u00e1reas tem\u00e1ticas de atenci\u00f3n donde se encuentra Salud, Educaci\u00f3n, Cultura, Deporte, fomento Empresarial y Agropecuario, Defensa de la Soberan\u00eda Nacional, entre otros.<\/p>\n","protected":false},"excerpt":{"rendered":"<p>Alejandro \u00c1vila Veracruz, Ver.- Este viernes se tom\u00f3 protesta al Consejo de Seguridad y Procuraci\u00f3n de Justicia en el estado de Veracruz; el cual reforzar\u00e1 los caminos para combatir la inseguridad es la entidad veracruzana. El evento estuvo a cargo del Diputado Federal, Sergio Guti\u00e9rrez Luna, qui\u00e9n a su vez tambi\u00e9n es coordinador estatal del [&hellip;]<\/p>\n","protected":false},"author":2476,"featured_media":35173,"comment_status":"open","ping_status":"open","sticky":false,"template":"","format":"standard","meta":{"_jetpack_memberships_contains_paid_content":false,"footnotes":""},"categories":[2],"tags":[],"class_list":["post-35172","post","type-post","status-publish","format-standard","has-post-thumbnail","hentry","category-estado"],"jetpack_featured_media_url":"https:\/\/encuentroinformativo.com.mx\/wp-content\/uploads\/2023\/01\/IMG-20230107-WA0001.jpg","jetpack_sharing_enabled":true,"jetpack_likes_enabled":true,"amp_enabled":true,"_links":{"self":[{"href":"https:\/\/encuentroinformativo.com.mx\/index.php?rest_route=\/wp\/v2\/posts\/35172","targetHints":{"allow":["GET"]}}],"collection":[{"href":"https:\/\/encuentroinformativo.com.mx\/index.php?rest_route=\/wp\/v2\/posts"}],"about":[{"href":"https:\/\/encuentroinformativo.com.mx\/index.php?rest_route=\/wp\/v2\/types\/post"}],"author":[{"embeddable":true,"href":"https:\/\/encuentroinformativo.com.mx\/index.php?rest_route=\/wp\/v2\/users\/2476"}],"replies":[{"embeddable":true,"href":"https:\/\/encuentroinformativo.com.mx\/index.php?rest_route=%2Fwp%2Fv2%2Fcomments&post=35172"}],"version-history":[{"count":1,"href":"https:\/\/encuentroinformativo.com.mx\/index.php?rest_route=\/wp\/v2\/posts\/35172\/revisions"}],"predecessor-version":[{"id":35174,"href":"https:\/\/encuentroinformativo.com.mx\/index.php?rest_route=\/wp\/v2\/posts\/35172\/revisions\/35174"}],"wp:featuredmedia":[{"embeddable":true,"href":"https:\/\/encuentroinformativo.com.mx\/index.php?rest_route=\/wp\/v2\/media\/35173"}],"wp:attachment":[{"href":"https:\/\/encuentroinformativo.com.mx\/index.php?rest_route=%2Fwp%2Fv2%2Fmedia&parent=35172"}],"wp:term":[{"taxonomy":"category","embeddable":true,"href":"https:\/\/encuentroinformativo.com.mx\/index.php?rest_route=%2Fwp%2Fv2%2Fcategories&post=35172"},{"taxonomy":"post_tag","embeddable":true,"href":"https:\/\/encuentroinformativo.com.mx\/index.php?rest_route=%2Fwp%2Fv2%2Ftags&post=35172"}],"curies":[{"name":"wp","href":"https:\/\/api.w.org\/{rel}","templated":true}]}}