{"id":3518,"date":"2020-06-21T16:38:10","date_gmt":"2020-06-21T21:38:10","guid":{"rendered":"https:\/\/encuentroinformativo.com\/?p=3518"},"modified":"2020-06-21T16:38:14","modified_gmt":"2020-06-21T21:38:14","slug":"pandemia-ha-detenido-trabajos-de-busqueda-senalan-colectivos","status":"publish","type":"post","link":"https:\/\/encuentroinformativo.com.mx\/?p=3518","title":{"rendered":"Pandemia ha detenido trabajos de b\u00fasqueda, se\u00f1alan colectivos"},"content":{"rendered":"\n<p><strong>Juan Arcos <\/strong><\/p>\n\n\n\n<p>Xalapa, Ver.- La pandemia del Covid-19 detuvo la b\u00fasqueda de desaparecidos en cuatro puntos de la regi\u00f3n capital de la entidad Veracruzana, acciones que ten\u00eda programadas el Colectivo Familiares Enlaces Xalapa.<\/p>\n\n\n\n<p>De acuerdo con Carlos Salda\u00f1a Grajales, integrante del mencionado colectivo, dichas acciones deber\u00e1n reanudarse en la barranca de La Aurora, ubicada en El Lencero, municipio de Emiliano Zapata, y en tres predios que ten\u00eda en posesi\u00f3n la delincuencia organizada.<\/p>\n\n\n\n<p>Los familiares buscar\u00e1n a personas que desaparecieron en el periodo de 2008 a la fecha.<\/p>\n\n\n\n<p>\u201cVamos a hacer una b\u00fasqueda en los puntos que tenemos pendientes, son aproximadamente cuatro, continuaremos con la barranca de La Aurora y en tres puntos m\u00e1s que tenemos por ah\u00ed en predios que estuvieron en manos de la delincuencia organizada cuando nuestros familiares desaparecieron, en los tiempos en que estuvo m\u00e1s fuerte la delincuencia, cuando hubo m\u00e1s desapariciones\u201d.<\/p>\n\n\n\n<p>Tambi\u00e9n fueran detenidas b\u00fasquedas en en el Servicio M\u00e9dico Forense (SEMEFO) y los Centros Federales de Readaptaci\u00f3n Social (CEFERESOS) que se encuentra en M\u00e9rida, estado de Yucat\u00e1n.<\/p>\n\n\n\n<p>La b\u00fasqueda estaba programada con la Comisi\u00f3n Nacional de Derechos Humanos (CNDH) y la Fiscal\u00eda General de la Rep\u00fablica (FGR).<\/p>\n\n\n\n<p>Esas acciones tambi\u00e9n ser\u00edan replicadas en la ciudad fronteriza de Tijuana, donde la trata de blancas ha sido un negocio constante.<\/p>\n\n\n\n<p>En ese sentido, los colectivos de familiares de desaparecidos solicitar\u00e1n una mesa de trabajo con el gobernador Cuitl\u00e1huac Garc\u00eda Jim\u00e9nez para solicitar la creaci\u00f3n de un protocolo que permita reactivar la b\u00fasqueda.<\/p>\n\n\n\n<p>\u201cDesafortunadamente los cuerpos que est\u00e9n ah\u00ed (en la barranca y los predios) se siguen deteriorando y tenemos que sacarlos, antes de que se sigan da\u00f1ando m\u00e1s\u201d, remat\u00f3 Salda\u00f1a Grajales.<\/p>\n\n\n\n<p><\/p>\n","protected":false},"excerpt":{"rendered":"<p>Juan Arcos Xalapa, Ver.- La pandemia del Covid-19 detuvo la b\u00fasqueda de desaparecidos en cuatro puntos de la regi\u00f3n capital de la entidad Veracruzana, acciones que ten\u00eda programadas el Colectivo Familiares Enlaces Xalapa. De acuerdo con Carlos Salda\u00f1a Grajales, integrante del mencionado colectivo, dichas acciones deber\u00e1n reanudarse en la barranca de La Aurora, ubicada en [&hellip;]<\/p>\n","protected":false},"author":1,"featured_media":3519,"comment_status":"open","ping_status":"open","sticky":false,"template":"","format":"standard","meta":{"_jetpack_memberships_contains_paid_content":false,"footnotes":""},"categories":[3],"tags":[],"class_list":["post-3518","post","type-post","status-publish","format-standard","has-post-thumbnail","hentry","category-xalapa"],"jetpack_featured_media_url":"https:\/\/encuentroinformativo.com.mx\/wp-content\/uploads\/2020\/06\/83CDDB72-8F3C-4A98-8A31-2C0C9305148E.jpeg","jetpack_sharing_enabled":true,"jetpack_likes_enabled":true,"amp_enabled":true,"_links":{"self":[{"href":"https:\/\/encuentroinformativo.com.mx\/index.php?rest_route=\/wp\/v2\/posts\/3518","targetHints":{"allow":["GET"]}}],"collection":[{"href":"https:\/\/encuentroinformativo.com.mx\/index.php?rest_route=\/wp\/v2\/posts"}],"about":[{"href":"https:\/\/encuentroinformativo.com.mx\/index.php?rest_route=\/wp\/v2\/types\/post"}],"author":[{"embeddable":true,"href":"https:\/\/encuentroinformativo.com.mx\/index.php?rest_route=\/wp\/v2\/users\/1"}],"replies":[{"embeddable":true,"href":"https:\/\/encuentroinformativo.com.mx\/index.php?rest_route=%2Fwp%2Fv2%2Fcomments&post=3518"}],"version-history":[{"count":1,"href":"https:\/\/encuentroinformativo.com.mx\/index.php?rest_route=\/wp\/v2\/posts\/3518\/revisions"}],"predecessor-version":[{"id":3520,"href":"https:\/\/encuentroinformativo.com.mx\/index.php?rest_route=\/wp\/v2\/posts\/3518\/revisions\/3520"}],"wp:featuredmedia":[{"embeddable":true,"href":"https:\/\/encuentroinformativo.com.mx\/index.php?rest_route=\/wp\/v2\/media\/3519"}],"wp:attachment":[{"href":"https:\/\/encuentroinformativo.com.mx\/index.php?rest_route=%2Fwp%2Fv2%2Fmedia&parent=3518"}],"wp:term":[{"taxonomy":"category","embeddable":true,"href":"https:\/\/encuentroinformativo.com.mx\/index.php?rest_route=%2Fwp%2Fv2%2Fcategories&post=3518"},{"taxonomy":"post_tag","embeddable":true,"href":"https:\/\/encuentroinformativo.com.mx\/index.php?rest_route=%2Fwp%2Fv2%2Ftags&post=3518"}],"curies":[{"name":"wp","href":"https:\/\/api.w.org\/{rel}","templated":true}]}}