{"id":35181,"date":"2023-01-07T12:19:37","date_gmt":"2023-01-07T18:19:37","guid":{"rendered":"https:\/\/encuentroinformativo.com.mx\/?p=35181"},"modified":"2023-01-07T12:19:41","modified_gmt":"2023-01-07T18:19:41","slug":"deja-seis-lesionados-choque-de-patrulla-de-fuerza-civil-en-tuxpan","status":"publish","type":"post","link":"https:\/\/encuentroinformativo.com.mx\/?p=35181","title":{"rendered":"Deja seis lesionados choque de patrulla de Fuerza Civil en Tuxpan"},"content":{"rendered":"\n<p><strong>Alejandro \u00c1vila<\/strong><\/p>\n\n\n\n<p>Tuxpan, Ver.- Un total de 6 personas lesionadas fue el saldo de un aparatoso choque entre una patrulla de Fuerza Civil y una camioneta particular.<\/p>\n\n\n\n<p>Los hechos ocurrieron en la calle Plutarco El\u00edas Calles esquina Juan Soto de la colonia Adolfo Ruiz Cortines, la ma\u00f1ana de este s\u00e1bado.<\/p>\n\n\n\n<p>Seg\u00fan menciona el peritaje, la camioneta repartidora de agua y perteneciente a la empresa Vital Live, no logr\u00f3 hacer el alto total en la esquina, por lo que se impact\u00f3 en contra de la patrulla de Fuerza Civil, qui\u00e9n a su vez choc\u00f3 contra un poste de telefon\u00eda y un autom\u00f3vil estacionado.<\/p>\n\n\n\n<p>De este percance salieron lesionados 4 elementos de la Fuerza Civil y dos trabajadores de la mencionada empresa; adem\u00e1s, se estima que los da\u00f1os materiales son cuantiosos.<\/p>\n\n\n\n<p>Personal de Tr\u00e1nsito Municipal realiz\u00f3 las diligencias correspondientes y enviaron los veh\u00edculos al corral\u00f3n; se inform\u00f3 que en la delegaci\u00f3n de Tr\u00e1nsito se llevar\u00edan a cabo los acuerdos para reparaci\u00f3n de da\u00f1os y gastos m\u00e9dicos de los lesionados.<\/p>\n\n\n\n<figure class=\"wp-block-image size-large\"><img loading=\"lazy\" decoding=\"async\" width=\"1024\" height=\"768\" src=\"https:\/\/encuentroinformativo.com.mx\/wp-content\/uploads\/2023\/01\/IMG-20230107-WA0015-1024x768.jpg\" alt=\"\" class=\"wp-image-35183\" srcset=\"https:\/\/encuentroinformativo.com.mx\/wp-content\/uploads\/2023\/01\/IMG-20230107-WA0015-1024x768.jpg 1024w, https:\/\/encuentroinformativo.com.mx\/wp-content\/uploads\/2023\/01\/IMG-20230107-WA0015-300x225.jpg 300w, https:\/\/encuentroinformativo.com.mx\/wp-content\/uploads\/2023\/01\/IMG-20230107-WA0015-768x576.jpg 768w, https:\/\/encuentroinformativo.com.mx\/wp-content\/uploads\/2023\/01\/IMG-20230107-WA0015-1536x1152.jpg 1536w, https:\/\/encuentroinformativo.com.mx\/wp-content\/uploads\/2023\/01\/IMG-20230107-WA0015.jpg 1600w\" sizes=\"auto, (max-width: 1024px) 100vw, 1024px\" \/><\/figure>\n","protected":false},"excerpt":{"rendered":"<p>Alejandro \u00c1vila Tuxpan, Ver.- Un total de 6 personas lesionadas fue el saldo de un aparatoso choque entre una patrulla de Fuerza Civil y una camioneta particular. Los hechos ocurrieron en la calle Plutarco El\u00edas Calles esquina Juan Soto de la colonia Adolfo Ruiz Cortines, la ma\u00f1ana de este s\u00e1bado. Seg\u00fan menciona el peritaje, la [&hellip;]<\/p>\n","protected":false},"author":2476,"featured_media":35182,"comment_status":"open","ping_status":"open","sticky":false,"template":"","format":"standard","meta":{"_jetpack_memberships_contains_paid_content":false,"footnotes":""},"categories":[2],"tags":[],"class_list":["post-35181","post","type-post","status-publish","format-standard","has-post-thumbnail","hentry","category-estado"],"jetpack_featured_media_url":"https:\/\/encuentroinformativo.com.mx\/wp-content\/uploads\/2023\/01\/IMG-20230107-WA0016.jpg","jetpack_sharing_enabled":true,"jetpack_likes_enabled":true,"amp_enabled":true,"_links":{"self":[{"href":"https:\/\/encuentroinformativo.com.mx\/index.php?rest_route=\/wp\/v2\/posts\/35181","targetHints":{"allow":["GET"]}}],"collection":[{"href":"https:\/\/encuentroinformativo.com.mx\/index.php?rest_route=\/wp\/v2\/posts"}],"about":[{"href":"https:\/\/encuentroinformativo.com.mx\/index.php?rest_route=\/wp\/v2\/types\/post"}],"author":[{"embeddable":true,"href":"https:\/\/encuentroinformativo.com.mx\/index.php?rest_route=\/wp\/v2\/users\/2476"}],"replies":[{"embeddable":true,"href":"https:\/\/encuentroinformativo.com.mx\/index.php?rest_route=%2Fwp%2Fv2%2Fcomments&post=35181"}],"version-history":[{"count":1,"href":"https:\/\/encuentroinformativo.com.mx\/index.php?rest_route=\/wp\/v2\/posts\/35181\/revisions"}],"predecessor-version":[{"id":35184,"href":"https:\/\/encuentroinformativo.com.mx\/index.php?rest_route=\/wp\/v2\/posts\/35181\/revisions\/35184"}],"wp:featuredmedia":[{"embeddable":true,"href":"https:\/\/encuentroinformativo.com.mx\/index.php?rest_route=\/wp\/v2\/media\/35182"}],"wp:attachment":[{"href":"https:\/\/encuentroinformativo.com.mx\/index.php?rest_route=%2Fwp%2Fv2%2Fmedia&parent=35181"}],"wp:term":[{"taxonomy":"category","embeddable":true,"href":"https:\/\/encuentroinformativo.com.mx\/index.php?rest_route=%2Fwp%2Fv2%2Fcategories&post=35181"},{"taxonomy":"post_tag","embeddable":true,"href":"https:\/\/encuentroinformativo.com.mx\/index.php?rest_route=%2Fwp%2Fv2%2Ftags&post=35181"}],"curies":[{"name":"wp","href":"https:\/\/api.w.org\/{rel}","templated":true}]}}