{"id":35188,"date":"2023-01-07T14:46:19","date_gmt":"2023-01-07T20:46:19","guid":{"rendered":"https:\/\/encuentroinformativo.com.mx\/?p=35188"},"modified":"2023-01-07T14:46:23","modified_gmt":"2023-01-07T20:46:23","slug":"van-once-detenidos-por-ataques-en-poza-rica-ssp","status":"publish","type":"post","link":"https:\/\/encuentroinformativo.com.mx\/?p=35188","title":{"rendered":"Van once detenidos por ataques en Poza Rica: SSP"},"content":{"rendered":"\n<p><strong>Dar\u00edo Pale <\/strong><\/p>\n\n\n\n<p>Xalapa, Ver &#8211; Por operativo permanente, lograron la detenci\u00f3n de 11 presuntos responsables de cr\u00edmenes en Poza Rica, adem\u00e1s concluy\u00f3 el operativo Guadalupe-Reyes con cifras favorables que dar\u00e1n a conocer m\u00e1s adelante, as\u00ed lo inform\u00f3 el secretario de Seguridad P\u00fablica del Estado, Cuauht\u00e9moc Z\u00fa\u00f1iga Bonilla.<\/p>\n\n\n\n<p>En entrevista reiter\u00f3 que gracias al operativo permanente con elementos de las fuerzas federales y de la Polic\u00eda Ministerial, se logr\u00f3 la captura de 11 presuntos delincuentes implicados en los cr\u00edmenes ocurridos en el municipio de Poza Rica.<\/p>\n\n\n\n<p>Indic\u00f3 que tras los acontecimientos en donde hubo 8 personas abatidas en tres bares, se reforz\u00f3 la seguridad del municipio y la zona conurbada.<\/p>\n\n\n\n<p>&#8220;11 detenciones por parte de la Fiscal\u00eda como por parte de la Secretar\u00eda de Seguridad P\u00fablica. La estrategia es coordinada, recuerden que la encabeza el Gobernador y es, con el apoyo de las autoridades estatales, federales y municipales en algunos casos, es como se hace el operativo&#8221;, se\u00f1al\u00f3.<\/p>\n\n\n\n<p>Asimismo, el Secretario asegur\u00f3 que mantienen presencia en los 212 municipios, adem\u00e1s de que cuentan con delegaciones para cubrir el territorio veracruzano.<\/p>\n\n\n\n<p>&#8220;Fueron hechos lamentables -lo ha declarado el Gobernador-, fue una pugna entre grupos delictivos, sin embargo, gracias al operativo y la coordinaci\u00f3n que se tiene con fuerzas federales y estatales se ha logrado la detenci\u00f3n de esas 11 personas que acabo de mencionar&#8221;, coment\u00f3.<\/p>\n\n\n\n<p>En el caso de los hechos violentos de la zona centro del Estado, Z\u00fa\u00f1iga Bonilla asegur\u00f3 que est\u00e1n atendiendo todos los casos, insisti\u00f3 en que tambi\u00e9n hay un operativo permanente, adem\u00e1s de que este viernes concluy\u00f3 el operativo Guadalupe-Reyes.<\/p>\n\n\n\n<p>Finalmente se\u00f1al\u00f3 que, &#8220;muy favorable, los n\u00fameros en su momento se los har\u00e9 llegar a trav\u00e9s de un comunicado, pero la verdad un gran esfuerzo por parte de la Secretar\u00eda de Seguridad P\u00fablica, las fuerzas federales&#8221;.<\/p>\n","protected":false},"excerpt":{"rendered":"<p>Dar\u00edo Pale Xalapa, Ver &#8211; Por operativo permanente, lograron la detenci\u00f3n de 11 presuntos responsables de cr\u00edmenes en Poza Rica, adem\u00e1s concluy\u00f3 el operativo Guadalupe-Reyes con cifras favorables que dar\u00e1n a conocer m\u00e1s adelante, as\u00ed lo inform\u00f3 el secretario de Seguridad P\u00fablica del Estado, Cuauht\u00e9moc Z\u00fa\u00f1iga Bonilla. En entrevista reiter\u00f3 que gracias al operativo permanente [&hellip;]<\/p>\n","protected":false},"author":2476,"featured_media":21944,"comment_status":"open","ping_status":"open","sticky":false,"template":"","format":"standard","meta":{"_jetpack_memberships_contains_paid_content":false,"footnotes":""},"categories":[2],"tags":[],"class_list":["post-35188","post","type-post","status-publish","format-standard","has-post-thumbnail","hentry","category-estado"],"jetpack_featured_media_url":"https:\/\/encuentroinformativo.com.mx\/wp-content\/uploads\/2022\/01\/B4546B5F-FF95-4E44-A279-08EAA8DA81FC.jpeg","jetpack_sharing_enabled":true,"jetpack_likes_enabled":true,"amp_enabled":true,"_links":{"self":[{"href":"https:\/\/encuentroinformativo.com.mx\/index.php?rest_route=\/wp\/v2\/posts\/35188","targetHints":{"allow":["GET"]}}],"collection":[{"href":"https:\/\/encuentroinformativo.com.mx\/index.php?rest_route=\/wp\/v2\/posts"}],"about":[{"href":"https:\/\/encuentroinformativo.com.mx\/index.php?rest_route=\/wp\/v2\/types\/post"}],"author":[{"embeddable":true,"href":"https:\/\/encuentroinformativo.com.mx\/index.php?rest_route=\/wp\/v2\/users\/2476"}],"replies":[{"embeddable":true,"href":"https:\/\/encuentroinformativo.com.mx\/index.php?rest_route=%2Fwp%2Fv2%2Fcomments&post=35188"}],"version-history":[{"count":1,"href":"https:\/\/encuentroinformativo.com.mx\/index.php?rest_route=\/wp\/v2\/posts\/35188\/revisions"}],"predecessor-version":[{"id":35190,"href":"https:\/\/encuentroinformativo.com.mx\/index.php?rest_route=\/wp\/v2\/posts\/35188\/revisions\/35190"}],"wp:featuredmedia":[{"embeddable":true,"href":"https:\/\/encuentroinformativo.com.mx\/index.php?rest_route=\/wp\/v2\/media\/21944"}],"wp:attachment":[{"href":"https:\/\/encuentroinformativo.com.mx\/index.php?rest_route=%2Fwp%2Fv2%2Fmedia&parent=35188"}],"wp:term":[{"taxonomy":"category","embeddable":true,"href":"https:\/\/encuentroinformativo.com.mx\/index.php?rest_route=%2Fwp%2Fv2%2Fcategories&post=35188"},{"taxonomy":"post_tag","embeddable":true,"href":"https:\/\/encuentroinformativo.com.mx\/index.php?rest_route=%2Fwp%2Fv2%2Ftags&post=35188"}],"curies":[{"name":"wp","href":"https:\/\/api.w.org\/{rel}","templated":true}]}}