{"id":35198,"date":"2023-01-07T15:38:54","date_gmt":"2023-01-07T21:38:54","guid":{"rendered":"https:\/\/encuentroinformativo.com.mx\/?p=35198"},"modified":"2023-01-07T15:38:57","modified_gmt":"2023-01-07T21:38:57","slug":"presunto-homicida-de-alcalde-fue-abatido-cisneros","status":"publish","type":"post","link":"https:\/\/encuentroinformativo.com.mx\/?p=35198","title":{"rendered":"Presunto homicida de alcalde fue abatido: Cisneros"},"content":{"rendered":"\n<p><strong>Alejandro \u00c1vila<\/strong><\/p>\n\n\n\n<p>Boca del R\u00edo, Ver.- &#8220;El Coyote&#8221; presunto autor material del homicidio del alcalde de Rafael Delgado, Isauro Ambrosio Tocohua, fue abatido la noche de este viernes, confirm\u00f3 el secretario de Gobierno, Eric Patrocinio Cisneros Burgos.<\/p>\n\n\n\n<p>El funcionario estatal mencion\u00f3 que, el agresor ya era perseguido por la justicia pues contaba con una orden de aprehensi\u00f3n en su contra, expuso que est\u00e1 se refer\u00eda a la presunta venta de sustancias ilegales.<\/p>\n\n\n\n<p>\u201cEstaba identificado, ten\u00eda orden de aprehensi\u00f3n&nbsp; y lo est\u00e1bamos buscando y en un enfrentamiento para no ser detenido perdi\u00f3 la vida\u201d, subray\u00f3.<\/p>\n\n\n\n<p>De la misma manera, el secretario de Gobierno agreg\u00f3 que, contaban con informes de que &#8220;El Coyote\u201d se encontraba formando un nuevo grupo delincuencial en los municipios de Ixtaczoquitl\u00e1n y Rafael Delgado.<\/p>\n\n\n\n<p>Por \u00faltimo, Cisneros Burgos resalt\u00f3 que hay personas detenidas por este hecho y, que se manejar\u00e1 seg\u00fan el sistema penal acusatorio, como presuntos responsables de hechos delictivos.<\/p>\n","protected":false},"excerpt":{"rendered":"<p>Alejandro \u00c1vila Boca del R\u00edo, Ver.- &#8220;El Coyote&#8221; presunto autor material del homicidio del alcalde de Rafael Delgado, Isauro Ambrosio Tocohua, fue abatido la noche de este viernes, confirm\u00f3 el secretario de Gobierno, Eric Patrocinio Cisneros Burgos. El funcionario estatal mencion\u00f3 que, el agresor ya era perseguido por la justicia pues contaba con una orden [&hellip;]<\/p>\n","protected":false},"author":2476,"featured_media":35199,"comment_status":"open","ping_status":"open","sticky":false,"template":"","format":"standard","meta":{"_jetpack_memberships_contains_paid_content":false,"footnotes":""},"categories":[2],"tags":[],"class_list":["post-35198","post","type-post","status-publish","format-standard","has-post-thumbnail","hentry","category-estado"],"jetpack_featured_media_url":"https:\/\/encuentroinformativo.com.mx\/wp-content\/uploads\/2023\/01\/IMG-20230107-WA0040.jpg","jetpack_sharing_enabled":true,"jetpack_likes_enabled":true,"amp_enabled":true,"_links":{"self":[{"href":"https:\/\/encuentroinformativo.com.mx\/index.php?rest_route=\/wp\/v2\/posts\/35198","targetHints":{"allow":["GET"]}}],"collection":[{"href":"https:\/\/encuentroinformativo.com.mx\/index.php?rest_route=\/wp\/v2\/posts"}],"about":[{"href":"https:\/\/encuentroinformativo.com.mx\/index.php?rest_route=\/wp\/v2\/types\/post"}],"author":[{"embeddable":true,"href":"https:\/\/encuentroinformativo.com.mx\/index.php?rest_route=\/wp\/v2\/users\/2476"}],"replies":[{"embeddable":true,"href":"https:\/\/encuentroinformativo.com.mx\/index.php?rest_route=%2Fwp%2Fv2%2Fcomments&post=35198"}],"version-history":[{"count":1,"href":"https:\/\/encuentroinformativo.com.mx\/index.php?rest_route=\/wp\/v2\/posts\/35198\/revisions"}],"predecessor-version":[{"id":35200,"href":"https:\/\/encuentroinformativo.com.mx\/index.php?rest_route=\/wp\/v2\/posts\/35198\/revisions\/35200"}],"wp:featuredmedia":[{"embeddable":true,"href":"https:\/\/encuentroinformativo.com.mx\/index.php?rest_route=\/wp\/v2\/media\/35199"}],"wp:attachment":[{"href":"https:\/\/encuentroinformativo.com.mx\/index.php?rest_route=%2Fwp%2Fv2%2Fmedia&parent=35198"}],"wp:term":[{"taxonomy":"category","embeddable":true,"href":"https:\/\/encuentroinformativo.com.mx\/index.php?rest_route=%2Fwp%2Fv2%2Fcategories&post=35198"},{"taxonomy":"post_tag","embeddable":true,"href":"https:\/\/encuentroinformativo.com.mx\/index.php?rest_route=%2Fwp%2Fv2%2Ftags&post=35198"}],"curies":[{"name":"wp","href":"https:\/\/api.w.org\/{rel}","templated":true}]}}