{"id":3521,"date":"2020-06-21T18:29:22","date_gmt":"2020-06-21T23:29:22","guid":{"rendered":"https:\/\/encuentroinformativo.com\/?p=3521"},"modified":"2020-06-21T18:29:26","modified_gmt":"2020-06-21T23:29:26","slug":"registra-coatepec-9-decesos-por-covid","status":"publish","type":"post","link":"https:\/\/encuentroinformativo.com.mx\/?p=3521","title":{"rendered":"Registra Coatepec 9 decesos por Covid"},"content":{"rendered":"\n<p><strong>Juan Arcos <\/strong><\/p>\n\n\n\n<p>Xalapa, Ver.- En 24 horas, casi se duplicaron las defunciones por Covid-19 en el municipio de Coatepec.<\/p>\n\n\n\n<p>De acuerdo con el \u00faltimo reporte de la Secretar\u00eda de Salud de Veracruz, el municipio cafetalero pas\u00f3 de cinco a nueve muertes durante esta pandemia.<\/p>\n\n\n\n<p>La noche del s\u00e1bado 20 de junio se dieron a conocer cuatro nuevos fallecimientos por parte de las autoridades.<\/p>\n\n\n\n<p>Adem\u00e1s se detectaron 32 casos confirmados, siete son activos y 18 se encuentran en investigaci\u00f3n.<\/p>\n\n\n\n<p>A\u00fan con estos datos oficiales y la orden de uso obligatorio de cubrebocas en la demarcaci\u00f3n, los pobladores contin\u00faan en las calles sin acatar las recomendaciones que corresponden a la Fase 3 de la contigencia sanitaria.<\/p>\n\n\n\n<p>Dicha situaci\u00f3n es notoria, tanto en la cabecera municipal como en las comunidades.<\/p>\n\n\n\n<p>Y es que en la localidad de Pacho Viejo, sobre la calle Jos\u00e9 Mar\u00eda Morelos, nueve de cada diez transe\u00fantes no portaban cubrebocas o protecci\u00f3n facial.<\/p>\n\n\n\n<p>Cabe recordar que los datos actualizados pueden consultarse en la p\u00e1gina oficial&nbsp;<a href=\"http:\/\/coronavirus.veracruz.gob.mx\/\" rel=\"noreferrer noopener\" target=\"_blank\">http:\/\/coronavirus.veracruz.gob.mx\/<\/a>&nbsp;o en la p\u00e1gina del gobierno municipal de Coatepec en Facebook.<\/p>\n\n\n\n<p><\/p>\n","protected":false},"excerpt":{"rendered":"<p>Juan Arcos Xalapa, Ver.- En 24 horas, casi se duplicaron las defunciones por Covid-19 en el municipio de Coatepec. De acuerdo con el \u00faltimo reporte de la Secretar\u00eda de Salud de Veracruz, el municipio cafetalero pas\u00f3 de cinco a nueve muertes durante esta pandemia. La noche del s\u00e1bado 20 de junio se dieron a conocer [&hellip;]<\/p>\n","protected":false},"author":1,"featured_media":3522,"comment_status":"open","ping_status":"open","sticky":false,"template":"","format":"standard","meta":{"_jetpack_memberships_contains_paid_content":false,"footnotes":""},"categories":[8],"tags":[],"class_list":["post-3521","post","type-post","status-publish","format-standard","has-post-thumbnail","hentry","category-region"],"jetpack_featured_media_url":"https:\/\/encuentroinformativo.com.mx\/wp-content\/uploads\/2020\/06\/16CD2A46-2DEB-4D68-870F-7DD6736014DA.jpeg","jetpack_sharing_enabled":true,"jetpack_likes_enabled":true,"amp_enabled":true,"_links":{"self":[{"href":"https:\/\/encuentroinformativo.com.mx\/index.php?rest_route=\/wp\/v2\/posts\/3521","targetHints":{"allow":["GET"]}}],"collection":[{"href":"https:\/\/encuentroinformativo.com.mx\/index.php?rest_route=\/wp\/v2\/posts"}],"about":[{"href":"https:\/\/encuentroinformativo.com.mx\/index.php?rest_route=\/wp\/v2\/types\/post"}],"author":[{"embeddable":true,"href":"https:\/\/encuentroinformativo.com.mx\/index.php?rest_route=\/wp\/v2\/users\/1"}],"replies":[{"embeddable":true,"href":"https:\/\/encuentroinformativo.com.mx\/index.php?rest_route=%2Fwp%2Fv2%2Fcomments&post=3521"}],"version-history":[{"count":1,"href":"https:\/\/encuentroinformativo.com.mx\/index.php?rest_route=\/wp\/v2\/posts\/3521\/revisions"}],"predecessor-version":[{"id":3523,"href":"https:\/\/encuentroinformativo.com.mx\/index.php?rest_route=\/wp\/v2\/posts\/3521\/revisions\/3523"}],"wp:featuredmedia":[{"embeddable":true,"href":"https:\/\/encuentroinformativo.com.mx\/index.php?rest_route=\/wp\/v2\/media\/3522"}],"wp:attachment":[{"href":"https:\/\/encuentroinformativo.com.mx\/index.php?rest_route=%2Fwp%2Fv2%2Fmedia&parent=3521"}],"wp:term":[{"taxonomy":"category","embeddable":true,"href":"https:\/\/encuentroinformativo.com.mx\/index.php?rest_route=%2Fwp%2Fv2%2Fcategories&post=3521"},{"taxonomy":"post_tag","embeddable":true,"href":"https:\/\/encuentroinformativo.com.mx\/index.php?rest_route=%2Fwp%2Fv2%2Ftags&post=3521"}],"curies":[{"name":"wp","href":"https:\/\/api.w.org\/{rel}","templated":true}]}}