{"id":35211,"date":"2023-01-09T09:37:10","date_gmt":"2023-01-09T15:37:10","guid":{"rendered":"https:\/\/encuentroinformativo.com.mx\/?p=35211"},"modified":"2023-01-09T09:37:14","modified_gmt":"2023-01-09T15:37:14","slug":"mujeres-recargadas-2023","status":"publish","type":"post","link":"https:\/\/encuentroinformativo.com.mx\/?p=35211","title":{"rendered":"MUJERES RECARGADAS 2023"},"content":{"rendered":"\n<p><strong>N\u00fameros Rojos<\/strong><\/p>\n\n\n\n<p><strong>Brenda Caballero<\/strong><\/p>\n\n\n\n<p>Despu\u00e9s de los buenos deseos de a\u00f1o nuevo y la rosca de Reyes, ahora s\u00ed entramos de lleno con las Mujeres Recargadas para este 2023. Las pol\u00edticas que vienen con todo para este a\u00f1o que inicia, \u00bfpero lograr\u00e1n sus prop\u00f3sitos?<\/p>\n\n\n\n<p>Roc\u00edo Nahle Garc\u00eda siempre ha estado presente en este espacio por el trabajo que desempe\u00f1a al frente de la Secretar\u00eda de Energ\u00eda; ha roto el llamado \u201ctecho de cristal\u201d al estar al frente de la construcci\u00f3n de la Refiner\u00eda de Dos Bocas, \u00bfpero le alcanzar\u00e1 para la candidatura por la gubernatura de Veracruz que ans\u00eda en 2024?<\/p>\n\n\n\n<p>Sin duda este a\u00f1o ser\u00e1 decisivo y deber\u00e1 redoblar esfuerzos para terminar la refiner\u00eda y venir a hacer campa\u00f1a al estado, pues ya lo dijo el mism\u00edsimo Presidente: la elecci\u00f3n ser\u00e1 por encuesta.<\/p>\n\n\n\n<p>Para Margarita Corro Mendoza, este 2023 puede ser un gran a\u00f1o, pues si se lo propone y si lo capitaliza, la Presidencia de la Mesa Directiva del Congreso del Estado puede proyectarla a buscar la diputaci\u00f3n federal. Por lo pronto, la diputada est\u00e1 al pendiente de cualquier tema legislativo o pol\u00edtico en el estado para opinar al respecto.Hace un a\u00f1o, Lizbeth Aurelia Jim\u00e9nez Aguirre no pensaba que ser\u00eda la tercera Presidenta del Tribunal Superior de Justicia del Estado de Veracruz en tiempos de la Cuarta Transformaci\u00f3n, pues apenas en junio de 2020 fue nombrada magistrada; sin embargo, hoy est\u00e1 al frente de la impartici\u00f3n de justicia en el estado. Todo indica que este a\u00f1o ser\u00e1 clave para sentar las bases de su trabajo y pensar en la reelecci\u00f3n por otro periodo al frente de ese Tribunal.<\/p>\n\n\n\n<p>Pese a que en 2022 Delia Gonz\u00e1lez Cobos vio nubarrones y rel\u00e1mpagos en su gesti\u00f3n frente al Orfis y hasta se esperaba su salida del \u00f3rgano de control, sigue firme y actualmente afina los detalles \u00a0que le observaron de la cuenta p\u00fablica 2021 para entregarla en febrero. Sin duda, a ella le aplica el dicho: \u201cLo que no te mata, te hace m\u00e1s fuerte\u201d.Mismo dicho aplica a Patricia Lobeira Rodr\u00edguez quien en este 2023 buscar\u00e1 mantener el t\u00edtulo de la alcaldesa mejor evaluada, as\u00ed como el sexto lugar entre los Presidentes Municipales del Pa\u00eds con el 56.6 por ciento de aprobaci\u00f3n, de acuerdo a la encuestadora Mitofsky.<\/p>\n\n\n\n<p>Pese a que la Ley Montse con la que se busca castigar a quien ayude a encubrir a un feminicida fue congelada por el Congreso veracruzano en diciembre del a\u00f1o pasado, una de sus promotoras, la diputada Anil\u00fa Ingram Vallines, seguir\u00e1 en 2023 con la agenda de mujeres, alzando la voz por las que no son escuchadas ni tomadas en cuenta.<\/p>\n\n\n\n<p>Cuando Cuitl\u00e1huac Garc\u00eda Jim\u00e9nez tom\u00f3 protesta a su Gabinete, destac\u00f3 el empoderamiento de Mujeres en su gabinete. Al iniciar este 2023, \u00fanicamente 4 mujeres se mantienen al frente de esas dependencias: en el Programa de Gobierno, Waltraud Mart\u00ednez Olvera; en Protecci\u00f3n Civil, Guadalupe Osorno Maldonado; en la Secretar\u00eda del Trabajo, Dorheny Garc\u00eda Cayetano; y en la Contralor\u00eda General, Mercedes Santoyo Dom\u00ednguez.<\/p>\n\n\n\n<p>\u00bfTraer\u00e1 este 2023 m\u00e1s mujeres al Gabinete?<\/p>\n","protected":false},"excerpt":{"rendered":"<p>N\u00fameros Rojos Brenda Caballero Despu\u00e9s de los buenos deseos de a\u00f1o nuevo y la rosca de Reyes, ahora s\u00ed entramos de lleno con las Mujeres Recargadas para este 2023. Las pol\u00edticas que vienen con todo para este a\u00f1o que inicia, \u00bfpero lograr\u00e1n sus prop\u00f3sitos? Roc\u00edo Nahle Garc\u00eda siempre ha estado presente en este espacio por [&hellip;]<\/p>\n","protected":false},"author":2476,"featured_media":387,"comment_status":"open","ping_status":"open","sticky":false,"template":"","format":"standard","meta":{"_jetpack_memberships_contains_paid_content":false,"footnotes":""},"categories":[11],"tags":[],"class_list":["post-35211","post","type-post","status-publish","format-standard","has-post-thumbnail","hentry","category-opinion"],"jetpack_featured_media_url":"https:\/\/encuentroinformativo.com.mx\/wp-content\/uploads\/2020\/03\/7CF8A22B-2764-47BE-8F7F-38FE9E5D6A2F.jpeg","jetpack_sharing_enabled":true,"jetpack_likes_enabled":true,"amp_enabled":true,"_links":{"self":[{"href":"https:\/\/encuentroinformativo.com.mx\/index.php?rest_route=\/wp\/v2\/posts\/35211","targetHints":{"allow":["GET"]}}],"collection":[{"href":"https:\/\/encuentroinformativo.com.mx\/index.php?rest_route=\/wp\/v2\/posts"}],"about":[{"href":"https:\/\/encuentroinformativo.com.mx\/index.php?rest_route=\/wp\/v2\/types\/post"}],"author":[{"embeddable":true,"href":"https:\/\/encuentroinformativo.com.mx\/index.php?rest_route=\/wp\/v2\/users\/2476"}],"replies":[{"embeddable":true,"href":"https:\/\/encuentroinformativo.com.mx\/index.php?rest_route=%2Fwp%2Fv2%2Fcomments&post=35211"}],"version-history":[{"count":1,"href":"https:\/\/encuentroinformativo.com.mx\/index.php?rest_route=\/wp\/v2\/posts\/35211\/revisions"}],"predecessor-version":[{"id":35212,"href":"https:\/\/encuentroinformativo.com.mx\/index.php?rest_route=\/wp\/v2\/posts\/35211\/revisions\/35212"}],"wp:featuredmedia":[{"embeddable":true,"href":"https:\/\/encuentroinformativo.com.mx\/index.php?rest_route=\/wp\/v2\/media\/387"}],"wp:attachment":[{"href":"https:\/\/encuentroinformativo.com.mx\/index.php?rest_route=%2Fwp%2Fv2%2Fmedia&parent=35211"}],"wp:term":[{"taxonomy":"category","embeddable":true,"href":"https:\/\/encuentroinformativo.com.mx\/index.php?rest_route=%2Fwp%2Fv2%2Fcategories&post=35211"},{"taxonomy":"post_tag","embeddable":true,"href":"https:\/\/encuentroinformativo.com.mx\/index.php?rest_route=%2Fwp%2Fv2%2Ftags&post=35211"}],"curies":[{"name":"wp","href":"https:\/\/api.w.org\/{rel}","templated":true}]}}