{"id":35216,"date":"2023-01-09T11:35:51","date_gmt":"2023-01-09T17:35:51","guid":{"rendered":"https:\/\/encuentroinformativo.com.mx\/?p=35216"},"modified":"2023-01-09T11:35:55","modified_gmt":"2023-01-09T17:35:55","slug":"con-protesta-defienden-telefonistas-contrato-colectivo","status":"publish","type":"post","link":"https:\/\/encuentroinformativo.com.mx\/?p=35216","title":{"rendered":"Con protesta, defienden telefonistas contrato colectivo"},"content":{"rendered":"\n<p><strong>Dar\u00edo Pale <\/strong><\/p>\n\n\n\n<p>Xalapa, Ver.- H\u00e9ctor Amaro Salazar trabajador jubilado de Tel\u00e9fonos de M\u00e9xico (TELMEX), integrante de la secci\u00f3n 17 del Sindicato de Telefonistas de la Rep\u00fablica Mexicana dio a conocer que la manifestaci\u00f3n es para defender el contrato colectivo de trabajo.<\/p>\n\n\n\n<p>Entrevistado durante la manifestaci\u00f3n dio a conocer que despu\u00e9s de la huelga del 21 de junio del a\u00f1o pasado se dieron algunos criterios en donde sale de sus manos la decisi\u00f3n de su contrato y se lo queda a Secretar\u00eda del Trabajo y a otras personas externas para que decidieran su futuro.<\/p>\n\n\n\n<p>&#8220;Hoy tenemos asamblea general activos y jubilados, hay asamblea general en varios estados de la Rep\u00fablica en la cual se va a informar a final de cuentas la propuesta de la secretar\u00eda del trabajo, pero la propuesta de la secretar\u00eda del trabajo no dista mucho de la propuesta inicial de Carlos Slim que es acabar con la jubilaci\u00f3n&#8221;, se\u00f1al\u00f3.<\/p>\n\n\n\n<p>Quiere que desaparezca la jubilaci\u00f3n y que a final de cuentas dice que los nuevos su dinero se incorpore a los Afores, pero sabiendo cu\u00e1l es el criterio de estas las cuales on un robo total del ahorro de los trabajadores es una p\u00e9rdida total y ya est\u00e1 demostrado en varios pa\u00edses.<\/p>\n\n\n\n<p>En ese sentido, coment\u00f3 que los empleados rechazan una modificaci\u00f3n en el contrato que los perjudique.\u00a0<\/p>\n\n\n\n<p>Finalmente, record\u00f3 que hace unos a\u00f1os se conform\u00f3 una comisi\u00f3n mixta y lo \u00fanico que se obtuvo fue un salario diferenciado, lo que repercute en las prestaciones laborales.<\/p>\n","protected":false},"excerpt":{"rendered":"<p>Dar\u00edo Pale Xalapa, Ver.- H\u00e9ctor Amaro Salazar trabajador jubilado de Tel\u00e9fonos de M\u00e9xico (TELMEX), integrante de la secci\u00f3n 17 del Sindicato de Telefonistas de la Rep\u00fablica Mexicana dio a conocer que la manifestaci\u00f3n es para defender el contrato colectivo de trabajo. Entrevistado durante la manifestaci\u00f3n dio a conocer que despu\u00e9s de la huelga del 21 [&hellip;]<\/p>\n","protected":false},"author":2476,"featured_media":35217,"comment_status":"open","ping_status":"open","sticky":false,"template":"","format":"standard","meta":{"_jetpack_memberships_contains_paid_content":false,"footnotes":""},"categories":[3],"tags":[],"class_list":["post-35216","post","type-post","status-publish","format-standard","has-post-thumbnail","hentry","category-xalapa"],"jetpack_featured_media_url":"https:\/\/encuentroinformativo.com.mx\/wp-content\/uploads\/2023\/01\/IMG-20230109-WA00172.jpg","jetpack_sharing_enabled":true,"jetpack_likes_enabled":true,"amp_enabled":true,"_links":{"self":[{"href":"https:\/\/encuentroinformativo.com.mx\/index.php?rest_route=\/wp\/v2\/posts\/35216","targetHints":{"allow":["GET"]}}],"collection":[{"href":"https:\/\/encuentroinformativo.com.mx\/index.php?rest_route=\/wp\/v2\/posts"}],"about":[{"href":"https:\/\/encuentroinformativo.com.mx\/index.php?rest_route=\/wp\/v2\/types\/post"}],"author":[{"embeddable":true,"href":"https:\/\/encuentroinformativo.com.mx\/index.php?rest_route=\/wp\/v2\/users\/2476"}],"replies":[{"embeddable":true,"href":"https:\/\/encuentroinformativo.com.mx\/index.php?rest_route=%2Fwp%2Fv2%2Fcomments&post=35216"}],"version-history":[{"count":1,"href":"https:\/\/encuentroinformativo.com.mx\/index.php?rest_route=\/wp\/v2\/posts\/35216\/revisions"}],"predecessor-version":[{"id":35218,"href":"https:\/\/encuentroinformativo.com.mx\/index.php?rest_route=\/wp\/v2\/posts\/35216\/revisions\/35218"}],"wp:featuredmedia":[{"embeddable":true,"href":"https:\/\/encuentroinformativo.com.mx\/index.php?rest_route=\/wp\/v2\/media\/35217"}],"wp:attachment":[{"href":"https:\/\/encuentroinformativo.com.mx\/index.php?rest_route=%2Fwp%2Fv2%2Fmedia&parent=35216"}],"wp:term":[{"taxonomy":"category","embeddable":true,"href":"https:\/\/encuentroinformativo.com.mx\/index.php?rest_route=%2Fwp%2Fv2%2Fcategories&post=35216"},{"taxonomy":"post_tag","embeddable":true,"href":"https:\/\/encuentroinformativo.com.mx\/index.php?rest_route=%2Fwp%2Fv2%2Ftags&post=35216"}],"curies":[{"name":"wp","href":"https:\/\/api.w.org\/{rel}","templated":true}]}}